{"id":525766,"date":"2024-02-08T15:36:59","date_gmt":"2024-02-08T21:36:59","guid":{"rendered":"https:\/\/www.zunoticia.com\/noticias-de-hidalgo\/?p=525766"},"modified":"2024-02-08T15:37:03","modified_gmt":"2024-02-08T21:37:03","slug":"pisal-de-la-plaza-de-la-revolucion-mexicana-exhibira-elementos-de-la-region","status":"publish","type":"post","link":"https:\/\/www.zunoticia.com\/noticias-de-hidalgo\/2024\/02\/08\/pisal-de-la-plaza-de-la-revolucion-mexicana-exhibira-elementos-de-la-region\/","title":{"rendered":"Pisal de la plaza de la Revoluci\u00f3n Mexicana exhibir\u00e1 elementos de la regi\u00f3n"},"content":{"rendered":"<aside class=\"mashsb-container mashsb-main mashsb-stretched\"><div class=\"mashsb-box\"><div class=\"mashsb-count mash-large\" style=\"float:left\"><div class=\"counts mashsbcount\">23<\/div><span class=\"mashsb-sharetext\">SHARES<\/span><\/div><div class=\"mashsb-buttons\"><a class=\"mashicon-facebook mash-large mash-center mashsb-noshadow\" href=\"https:\/\/www.facebook.com\/sharer.php?u=https%3A%2F%2Fwww.zunoticia.com%2Fnoticias-de-hidalgo%2F2024%2F02%2F08%2Fpisal-de-la-plaza-de-la-revolucion-mexicana-exhibira-elementos-de-la-region%2F\" target=\"_top\" rel=\"nofollow\"><span class=\"icon\"><\/span><span class=\"text\">Share<\/span><\/a><a class=\"mashicon-twitter mash-large mash-center mashsb-noshadow\" href=\"https:\/\/twitter.com\/intent\/tweet?text=&amp;url=https:\/\/www.zunoticia.com\/noticias-de-hidalgo\/2024\/02\/08\/pisal-de-la-plaza-de-la-revolucion-mexicana-exhibira-elementos-de-la-region\/\" target=\"_top\" rel=\"nofollow\"><span class=\"icon\"><\/span><span class=\"text\">Tweet<\/span><\/a><div class=\"onoffswitch2 mash-large mashsb-noshadow\" style=\"display:none\"><\/div><\/div>\n            <\/div>\n                <div style=\"clear:both\"><\/div><div class=\"mashsb-toggle-container\"><\/div><\/aside>\n            <!-- Share buttons by mashshare.net - Version: 4.0.47-->\n<p><em>Por Salvador Altamirano\/Zunoticia<\/em><\/p>\n\n\n\n<p><strong>Huejutla, Hgo.-<\/strong> Jorge D\u00edaz Rivera y M\u00f3nica Montserrat Sotero Mart\u00ednez, originarios de San Luis Uexotla, municipio de Texcoco, son los artistas pl\u00e1sticos quienes ser\u00e1n los responsables de elaborar y dirigir la obra del pisal con que se remodelar\u00e1 la plaza de la Revoluci\u00f3n Mexicana.<\/p>\n\n\n\n<p>Entrevistado al respecto, D\u00edaz Rivera especific\u00f3 que, el adoqu\u00edn de la plaza se cambiar\u00e1 por un pisal de azulejos de diversos colores, con un dise\u00f1o de la cultura huejutlense, por lo que exhibir\u00e1 elementos propios de la regi\u00f3n, como son flores, animales, artesan\u00edas e instrumentos musicales, gr\u00e1ficamente bien establecidos para que le den mucho realce.<\/p>\n\n\n\n<p>Agreg\u00f3 que, ser\u00e1 un trabajo artesanal colectivo de 20 personas, que iniciar\u00e1 aproximadamente en 15 d\u00edas; mientras terminan de levantar el adoqu\u00edn y concluir\u00e1 a finales del mes de mayo. El pisal -refiri\u00f3-, medir\u00e1 60 metros de largo por 26 de ancho, hasta a donde est\u00e1 la asta bandera, aunque tenemos conocimiento que metros m\u00e1s adelante continuar\u00e1 la remodelaci\u00f3n.<\/p>\n\n\n\n<p>A pregunta expresa, coment\u00f3 que el pisal de Huejutla ser\u00e1 similar al del Parque David Ben Guri\u00f3n de la ciudad de Pachuca, y posiblemente ser\u00e1n los \u00fanicos que habr\u00e1 en el pa\u00eds, en un sentido art\u00edstico pleno popular masivo, al aire libre, porque hay otros pisales, pero est\u00e1n adentro de iglesias como la Catedral de la Ciudad de M\u00e9xico.<\/p>\n\n\n\n<p>Para finalizar, Diaz Rivera invit\u00f3 a la ciudadan\u00eda en general a que acudan a observar el trabajo, a platicar con nosotros -dijo-, y si es posible a que coloquen alguna pieza, ya que nos interesa que la gente del pueblo sea tomada en cuenta -acentu\u00f3-.<\/p>\n\n\n\n<figure class=\"wp-block-image size-full\"><img fetchpriority=\"high\" decoding=\"async\" width=\"933\" height=\"524\" src=\"https:\/\/www.zunoticia.com\/noticias-de-hidalgo\/wp-content\/uploads\/2024\/02\/Zunoticia-Huejutla-1-46.jpg\" alt=\"\" class=\"wp-image-525768\"\/><\/figure>\n","protected":false},"excerpt":{"rendered":"<p>Por Salvador Altamirano\/Zunoticia Huejutla, Hgo.- Jorge D\u00edaz Rivera y M\u00f3nica Montserrat Sotero Mart\u00ednez, originarios de San Luis Uexotla, municipio de Texcoco, son los artistas pl\u00e1sticos quienes ser\u00e1n los responsables de elaborar y dirigir la obra del pisal con que se remodelar\u00e1 la plaza de la Revoluci\u00f3n Mexicana. Entrevistado al respecto, D\u00edaz Rivera especific\u00f3 que, el&hellip; <a class=\"more-link\" href=\"https:\/\/www.zunoticia.com\/noticias-de-hidalgo\/2024\/02\/08\/pisal-de-la-plaza-de-la-revolucion-mexicana-exhibira-elementos-de-la-region\/\">Seguir leyendo <span class=\"screen-reader-text\">Pisal de la plaza de la Revoluci\u00f3n Mexicana exhibir\u00e1 elementos de la regi\u00f3n<\/span><\/a><\/p>\n","protected":false},"author":20,"featured_media":525767,"comment_status":"open","ping_status":"open","sticky":false,"template":"","format":"standard","meta":{"rop_custom_images_group":[],"rop_custom_messages_group":[],"rop_publish_now":"initial","rop_publish_now_accounts":{"facebook_10159540855086992_322828327761733":""},"rop_publish_now_history":[],"rop_publish_now_status":"pending","footnotes":""},"categories":[181],"tags":[121],"class_list":["post-525766","post","type-post","status-publish","format-standard","has-post-thumbnail","hentry","category-huejutla","tag-huejutla","entry"],"_links":{"self":[{"href":"https:\/\/www.zunoticia.com\/noticias-de-hidalgo\/wp-json\/wp\/v2\/posts\/525766","targetHints":{"allow":["GET"]}}],"collection":[{"href":"https:\/\/www.zunoticia.com\/noticias-de-hidalgo\/wp-json\/wp\/v2\/posts"}],"about":[{"href":"https:\/\/www.zunoticia.com\/noticias-de-hidalgo\/wp-json\/wp\/v2\/types\/post"}],"author":[{"embeddable":true,"href":"https:\/\/www.zunoticia.com\/noticias-de-hidalgo\/wp-json\/wp\/v2\/users\/20"}],"replies":[{"embeddable":true,"href":"https:\/\/www.zunoticia.com\/noticias-de-hidalgo\/wp-json\/wp\/v2\/comments?post=525766"}],"version-history":[{"count":2,"href":"https:\/\/www.zunoticia.com\/noticias-de-hidalgo\/wp-json\/wp\/v2\/posts\/525766\/revisions"}],"predecessor-version":[{"id":525770,"href":"https:\/\/www.zunoticia.com\/noticias-de-hidalgo\/wp-json\/wp\/v2\/posts\/525766\/revisions\/525770"}],"wp:featuredmedia":[{"embeddable":true,"href":"https:\/\/www.zunoticia.com\/noticias-de-hidalgo\/wp-json\/wp\/v2\/media\/525767"}],"wp:attachment":[{"href":"https:\/\/www.zunoticia.com\/noticias-de-hidalgo\/wp-json\/wp\/v2\/media?parent=525766"}],"wp:term":[{"taxonomy":"category","embeddable":true,"href":"https:\/\/www.zunoticia.com\/noticias-de-hidalgo\/wp-json\/wp\/v2\/categories?post=525766"},{"taxonomy":"post_tag","embeddable":true,"href":"https:\/\/www.zunoticia.com\/noticias-de-hidalgo\/wp-json\/wp\/v2\/tags?post=525766"}],"curies":[{"name":"wp","href":"https:\/\/api.w.org\/{rel}","templated":true}]}}