{"id":525786,"date":"2024-02-08T17:21:04","date_gmt":"2024-02-08T23:21:04","guid":{"rendered":"https:\/\/www.zunoticia.com\/noticias-de-hidalgo\/?p=525786"},"modified":"2024-02-08T17:21:07","modified_gmt":"2024-02-08T23:21:07","slug":"participo-para-demostrar-que-las-personas-con-capacidades-diferentes-tambien-podemos-leopoldo-miguel","status":"publish","type":"post","link":"https:\/\/www.zunoticia.com\/noticias-de-hidalgo\/2024\/02\/08\/participo-para-demostrar-que-las-personas-con-capacidades-diferentes-tambien-podemos-leopoldo-miguel\/","title":{"rendered":"Participo para demostrar que las personas con capacidades diferentes tambi\u00e9n podemos: Leopoldo Miguel"},"content":{"rendered":"<aside class=\"mashsb-container mashsb-main mashsb-stretched\"><div class=\"mashsb-box\"><div class=\"mashsb-count mash-large\" style=\"float:left\"><div class=\"counts mashsbcount\">18<\/div><span class=\"mashsb-sharetext\">SHARES<\/span><\/div><div class=\"mashsb-buttons\"><a class=\"mashicon-facebook mash-large mash-center mashsb-noshadow\" href=\"https:\/\/www.facebook.com\/sharer.php?u=https%3A%2F%2Fwww.zunoticia.com%2Fnoticias-de-hidalgo%2F2024%2F02%2F08%2Fparticipo-para-demostrar-que-las-personas-con-capacidades-diferentes-tambien-podemos-leopoldo-miguel%2F\" target=\"_top\" rel=\"nofollow\"><span class=\"icon\"><\/span><span class=\"text\">Share<\/span><\/a><a class=\"mashicon-twitter mash-large mash-center mashsb-noshadow\" href=\"https:\/\/twitter.com\/intent\/tweet?text=&amp;url=https:\/\/www.zunoticia.com\/noticias-de-hidalgo\/2024\/02\/08\/participo-para-demostrar-que-las-personas-con-capacidades-diferentes-tambien-podemos-leopoldo-miguel\/\" target=\"_top\" rel=\"nofollow\"><span class=\"icon\"><\/span><span class=\"text\">Tweet<\/span><\/a><div class=\"onoffswitch2 mash-large mashsb-noshadow\" style=\"display:none\"><\/div><\/div>\n            <\/div>\n                <div style=\"clear:both\"><\/div><div class=\"mashsb-toggle-container\"><\/div><\/aside>\n            <!-- Share buttons by mashshare.net - Version: 4.0.47-->\n<p><em>Por \u00c1ngel Silverio \/Zunoticia<\/em><\/p>\n\n\n\n<p><strong>San Felipe Orizatl\u00e1n, Hgo<\/strong>. &#8211; Leopoldo Miguel Hern\u00e1ndez, aspirante a la candidatura por Morena, dio a conocer sus intenciones del por qu\u00e9 querer participar en este proceso electoral, as\u00ed como tambi\u00e9n hizo el llamado a la unidad y de pugnar porque la cuarta transformaci\u00f3n llegue a San Felipe Orizatl\u00e1n.<\/p>\n\n\n\n<p>&#8220;La intenci\u00f3n de participar es para que se valore, se destaque, el esfuerzo y la dedicaci\u00f3n que hacemos las personas con discapacidad, hoy que estamos ante una figura nueva, distinta que son las acciones afirmativas, mostrar que m\u00e1s all\u00e1 de pedir un espacio porque s\u00ed, hemos venido trabajando con el partido desde sus inicios, desde el 2013 hasta hoy, en los distintos procesos hemos participado hemos demostrado que tenemos las capacidades para sumar&#8221;.<\/p>\n\n\n\n<p>Destac\u00f3 que hoy se ve un escenario pol\u00edtico distinto e incluyente en las candidaturas, &#8211; &#8220;Hoy tenemos la intenci\u00f3n de participar para que nos volteen a ver, que nos den la relevancia que por m\u00e9ritos nos hemos ganado, y podamos trabajar por lo que el municipio necesita&#8221;.<\/p>\n\n\n\n<p>A\u00f1adi\u00f3, &#8211; &#8220;Yo creo que el partido est\u00e1 en la disposici\u00f3n de darle ese valor a los grupos que hist\u00f3ricamente hemos sido relegados y que hemos sido subestimados posiblemente; hoy estamos ante la oportunidad de demostrar que este partido es de causas y hoy tiene una situaci\u00f3n distinta en Orizatl\u00e1n que no tiene ning\u00fan municipio, que es la inclusi\u00f3n de las personas con discapacidad, creo que hemos sido pioneros en Morena en ese sentido&#8221;.<\/p>\n","protected":false},"excerpt":{"rendered":"<p>Por \u00c1ngel Silverio \/Zunoticia San Felipe Orizatl\u00e1n, Hgo. &#8211; Leopoldo Miguel Hern\u00e1ndez, aspirante a la candidatura por Morena, dio a conocer sus intenciones del por qu\u00e9 querer participar en este proceso electoral, as\u00ed como tambi\u00e9n hizo el llamado a la unidad y de pugnar porque la cuarta transformaci\u00f3n llegue a San Felipe Orizatl\u00e1n. &#8220;La intenci\u00f3n&hellip; <a class=\"more-link\" href=\"https:\/\/www.zunoticia.com\/noticias-de-hidalgo\/2024\/02\/08\/participo-para-demostrar-que-las-personas-con-capacidades-diferentes-tambien-podemos-leopoldo-miguel\/\">Seguir leyendo <span class=\"screen-reader-text\">Participo para demostrar que las personas con capacidades diferentes tambi\u00e9n podemos: Leopoldo Miguel<\/span><\/a><\/p>\n","protected":false},"author":20,"featured_media":525787,"comment_status":"open","ping_status":"open","sticky":false,"template":"","format":"standard","meta":{"rop_custom_images_group":[],"rop_custom_messages_group":[],"rop_publish_now":"initial","rop_publish_now_accounts":{"facebook_10159540855086992_322828327761733":""},"rop_publish_now_history":[],"rop_publish_now_status":"pending","footnotes":""},"categories":[179,180],"tags":[229,129],"class_list":["post-525786","post","type-post","status-publish","format-standard","has-post-thumbnail","hentry","category-huasteca","category-orizatlan","tag-huasteca","tag-orizatlan","entry"],"_links":{"self":[{"href":"https:\/\/www.zunoticia.com\/noticias-de-hidalgo\/wp-json\/wp\/v2\/posts\/525786","targetHints":{"allow":["GET"]}}],"collection":[{"href":"https:\/\/www.zunoticia.com\/noticias-de-hidalgo\/wp-json\/wp\/v2\/posts"}],"about":[{"href":"https:\/\/www.zunoticia.com\/noticias-de-hidalgo\/wp-json\/wp\/v2\/types\/post"}],"author":[{"embeddable":true,"href":"https:\/\/www.zunoticia.com\/noticias-de-hidalgo\/wp-json\/wp\/v2\/users\/20"}],"replies":[{"embeddable":true,"href":"https:\/\/www.zunoticia.com\/noticias-de-hidalgo\/wp-json\/wp\/v2\/comments?post=525786"}],"version-history":[{"count":1,"href":"https:\/\/www.zunoticia.com\/noticias-de-hidalgo\/wp-json\/wp\/v2\/posts\/525786\/revisions"}],"predecessor-version":[{"id":525788,"href":"https:\/\/www.zunoticia.com\/noticias-de-hidalgo\/wp-json\/wp\/v2\/posts\/525786\/revisions\/525788"}],"wp:featuredmedia":[{"embeddable":true,"href":"https:\/\/www.zunoticia.com\/noticias-de-hidalgo\/wp-json\/wp\/v2\/media\/525787"}],"wp:attachment":[{"href":"https:\/\/www.zunoticia.com\/noticias-de-hidalgo\/wp-json\/wp\/v2\/media?parent=525786"}],"wp:term":[{"taxonomy":"category","embeddable":true,"href":"https:\/\/www.zunoticia.com\/noticias-de-hidalgo\/wp-json\/wp\/v2\/categories?post=525786"},{"taxonomy":"post_tag","embeddable":true,"href":"https:\/\/www.zunoticia.com\/noticias-de-hidalgo\/wp-json\/wp\/v2\/tags?post=525786"}],"curies":[{"name":"wp","href":"https:\/\/api.w.org\/{rel}","templated":true}]}}