{"id":525789,"date":"2024-02-08T17:29:29","date_gmt":"2024-02-08T23:29:29","guid":{"rendered":"https:\/\/www.zunoticia.com\/noticias-de-hidalgo\/?p=525789"},"modified":"2024-02-08T17:29:32","modified_gmt":"2024-02-08T23:29:32","slug":"este-viernes-cierra-el-registro-para-las-bodas-colectiva","status":"publish","type":"post","link":"https:\/\/www.zunoticia.com\/noticias-de-hidalgo\/2024\/02\/08\/este-viernes-cierra-el-registro-para-las-bodas-colectiva\/","title":{"rendered":"Este viernes cierra el registro para las bodas colectiva"},"content":{"rendered":"<aside class=\"mashsb-container mashsb-main mashsb-stretched\"><div class=\"mashsb-box\"><div class=\"mashsb-count mash-large\" style=\"float:left\"><div class=\"counts mashsbcount\">1<\/div><span class=\"mashsb-sharetext\">SHARES<\/span><\/div><div class=\"mashsb-buttons\"><a class=\"mashicon-facebook mash-large mash-center mashsb-noshadow\" href=\"https:\/\/www.facebook.com\/sharer.php?u=https%3A%2F%2Fwww.zunoticia.com%2Fnoticias-de-hidalgo%2F2024%2F02%2F08%2Feste-viernes-cierra-el-registro-para-las-bodas-colectiva%2F\" target=\"_top\" rel=\"nofollow\"><span class=\"icon\"><\/span><span class=\"text\">Share<\/span><\/a><a class=\"mashicon-twitter mash-large mash-center mashsb-noshadow\" href=\"https:\/\/twitter.com\/intent\/tweet?text=&amp;url=https:\/\/www.zunoticia.com\/noticias-de-hidalgo\/2024\/02\/08\/este-viernes-cierra-el-registro-para-las-bodas-colectiva\/\" target=\"_top\" rel=\"nofollow\"><span class=\"icon\"><\/span><span class=\"text\">Tweet<\/span><\/a><div class=\"onoffswitch2 mash-large mashsb-noshadow\" style=\"display:none\"><\/div><\/div>\n            <\/div>\n                <div style=\"clear:both\"><\/div><div class=\"mashsb-toggle-container\"><\/div><\/aside>\n            <!-- Share buttons by mashshare.net - Version: 4.0.47-->\n<p>Por \u00c1ngel Silverio \/Zunoticia<\/p>\n\n\n\n<p><strong>San Felipe Orizatl\u00e1n, Hgo.<\/strong> &#8211; Vianey Hern\u00e1ndez Z\u00fa\u00f1iga, titular del Registro civil, dio a conocer que este viernes cierran los registros para todos aquellos que deseen contraer nupcial por la v\u00eda legal, por lo que tienen hasta este viernes para poder llevar sus documentos y estar en la ceremonia que se realizar\u00e1 el d\u00eda del amor y la amistad, recordando que no tiene costo este tr\u00e1mite.<\/p>\n\n\n\n<p>De acuerdo con lo mencionado por la funcionaria, se\u00f1al\u00f3 que, hasta el momento se tienen registradas seis parejas y esperan que este viernes pueda aumentar el n\u00famero contrayentes, por ello es necesario que acudan con toda la documentaci\u00f3n requerida y puedan darle certeza jur\u00eddica a su relaci\u00f3n, sobre todo si hay hijos de por medio.<\/p>\n\n\n\n<p>Record\u00f3 que, los requisitos que deber\u00e1n presentar ambos contrayentes son, copia del acta de nacimiento actualizada, copia de la CURP, comprobante de domicilio, original de los certificados m\u00e9dicos expedidos por una instituci\u00f3n p\u00fablica, conocidos como estudios prenupciales; adem\u00e1s de dos testigos que sean mayores de edad, copia de credencial de elector de los testigos, copia de credencial y CURP de los padres de cada uno de los contrayentes, constancia de inexistencia de matrimonio del lugar donde se encuentran registrados y del lugar donde reci\u00e9n actualmente seg\u00fan su INE, fotograf\u00eda tama\u00f1o infantil preferencia a color.<\/p>\n\n\n\n<p>Cabe mencionar que, la ceremonia se realizar\u00e1 este pr\u00f3ximo 14 de febrero a las diez de la ma\u00f1ana, por lo que si hay m\u00e1s interesados pueden acudir este viernes en horario de 9:00 a 3:00 de la tarde a dejar sus documentos.<\/p>\n","protected":false},"excerpt":{"rendered":"<p>Por \u00c1ngel Silverio \/Zunoticia San Felipe Orizatl\u00e1n, Hgo. &#8211; Vianey Hern\u00e1ndez Z\u00fa\u00f1iga, titular del Registro civil, dio a conocer que este viernes cierran los registros para todos aquellos que deseen contraer nupcial por la v\u00eda legal, por lo que tienen hasta este viernes para poder llevar sus documentos y estar en la ceremonia que se&hellip; <a class=\"more-link\" href=\"https:\/\/www.zunoticia.com\/noticias-de-hidalgo\/2024\/02\/08\/este-viernes-cierra-el-registro-para-las-bodas-colectiva\/\">Seguir leyendo <span class=\"screen-reader-text\">Este viernes cierra el registro para las bodas colectiva<\/span><\/a><\/p>\n","protected":false},"author":20,"featured_media":525790,"comment_status":"open","ping_status":"open","sticky":false,"template":"","format":"standard","meta":{"rop_custom_images_group":[],"rop_custom_messages_group":[],"rop_publish_now":"initial","rop_publish_now_accounts":{"facebook_10159540855086992_322828327761733":""},"rop_publish_now_history":[],"rop_publish_now_status":"pending","footnotes":""},"categories":[179,180],"tags":[229,129],"class_list":["post-525789","post","type-post","status-publish","format-standard","has-post-thumbnail","hentry","category-huasteca","category-orizatlan","tag-huasteca","tag-orizatlan","entry"],"_links":{"self":[{"href":"https:\/\/www.zunoticia.com\/noticias-de-hidalgo\/wp-json\/wp\/v2\/posts\/525789","targetHints":{"allow":["GET"]}}],"collection":[{"href":"https:\/\/www.zunoticia.com\/noticias-de-hidalgo\/wp-json\/wp\/v2\/posts"}],"about":[{"href":"https:\/\/www.zunoticia.com\/noticias-de-hidalgo\/wp-json\/wp\/v2\/types\/post"}],"author":[{"embeddable":true,"href":"https:\/\/www.zunoticia.com\/noticias-de-hidalgo\/wp-json\/wp\/v2\/users\/20"}],"replies":[{"embeddable":true,"href":"https:\/\/www.zunoticia.com\/noticias-de-hidalgo\/wp-json\/wp\/v2\/comments?post=525789"}],"version-history":[{"count":1,"href":"https:\/\/www.zunoticia.com\/noticias-de-hidalgo\/wp-json\/wp\/v2\/posts\/525789\/revisions"}],"predecessor-version":[{"id":525791,"href":"https:\/\/www.zunoticia.com\/noticias-de-hidalgo\/wp-json\/wp\/v2\/posts\/525789\/revisions\/525791"}],"wp:featuredmedia":[{"embeddable":true,"href":"https:\/\/www.zunoticia.com\/noticias-de-hidalgo\/wp-json\/wp\/v2\/media\/525790"}],"wp:attachment":[{"href":"https:\/\/www.zunoticia.com\/noticias-de-hidalgo\/wp-json\/wp\/v2\/media?parent=525789"}],"wp:term":[{"taxonomy":"category","embeddable":true,"href":"https:\/\/www.zunoticia.com\/noticias-de-hidalgo\/wp-json\/wp\/v2\/categories?post=525789"},{"taxonomy":"post_tag","embeddable":true,"href":"https:\/\/www.zunoticia.com\/noticias-de-hidalgo\/wp-json\/wp\/v2\/tags?post=525789"}],"curies":[{"name":"wp","href":"https:\/\/api.w.org\/{rel}","templated":true}]}}