{"id":525792,"date":"2024-02-08T17:37:53","date_gmt":"2024-02-08T23:37:53","guid":{"rendered":"https:\/\/www.zunoticia.com\/noticias-de-hidalgo\/?p=525792"},"modified":"2024-02-08T17:37:56","modified_gmt":"2024-02-08T23:37:56","slug":"se-abrira-el-para-libro-de-la-plaza-de-la-revolucion-mexicana","status":"publish","type":"post","link":"https:\/\/www.zunoticia.com\/noticias-de-hidalgo\/2024\/02\/08\/se-abrira-el-para-libro-de-la-plaza-de-la-revolucion-mexicana\/","title":{"rendered":"Se abrir\u00e1 el Para &#8211; Libro de la plaza de la Revoluci\u00f3n Mexicana"},"content":{"rendered":"<aside class=\"mashsb-container mashsb-main mashsb-stretched\"><div class=\"mashsb-box\"><div class=\"mashsb-count mash-large\" style=\"float:left\"><div class=\"counts mashsbcount\">1<\/div><span class=\"mashsb-sharetext\">SHARES<\/span><\/div><div class=\"mashsb-buttons\"><a class=\"mashicon-facebook mash-large mash-center mashsb-noshadow\" href=\"https:\/\/www.facebook.com\/sharer.php?u=https%3A%2F%2Fwww.zunoticia.com%2Fnoticias-de-hidalgo%2F2024%2F02%2F08%2Fse-abrira-el-para-libro-de-la-plaza-de-la-revolucion-mexicana%2F\" target=\"_top\" rel=\"nofollow\"><span class=\"icon\"><\/span><span class=\"text\">Share<\/span><\/a><a class=\"mashicon-twitter mash-large mash-center mashsb-noshadow\" href=\"https:\/\/twitter.com\/intent\/tweet?text=&amp;url=https:\/\/www.zunoticia.com\/noticias-de-hidalgo\/2024\/02\/08\/se-abrira-el-para-libro-de-la-plaza-de-la-revolucion-mexicana\/\" target=\"_top\" rel=\"nofollow\"><span class=\"icon\"><\/span><span class=\"text\">Tweet<\/span><\/a><div class=\"onoffswitch2 mash-large mashsb-noshadow\" style=\"display:none\"><\/div><\/div>\n            <\/div>\n                <div style=\"clear:both\"><\/div><div class=\"mashsb-toggle-container\"><\/div><\/aside>\n            <!-- Share buttons by mashshare.net - Version: 4.0.47-->\n<p><em>Por Salvador Altamirano\/Zunoticia<\/em><\/p>\n\n\n\n<p><strong>Huejutla, Hgo.-<\/strong> \u201cpor instrucciones del presidente municipal, Daniel Andrade Zurutuza, en fecha pr\u00f3xima se abrir\u00e1 el Para &#8211; Libro existente en la plaza de la Revoluci\u00f3n Mexicana, el cual fue abandonado desde hace seis a\u00f1os\u201d.<\/p>\n\n\n\n<p>Lo anterior, fue expresado por el mediador de la Sala de Lectura Jaime Sabines, Leopoldo Enrique Iniesta Mondrag\u00f3n, a cuyo cargo estar\u00e1 y el cual ser\u00e1 supervisado por la direcci\u00f3n de Educaci\u00f3n Municipal, cuyo titular es el profesor Leoncio Villegas.<\/p>\n\n\n\n<p>Agreg\u00f3 que, la apertura tendr\u00e1 efecto en este mes de febrero y cuando est\u00e9 en funcionamiento haremos fiesta -enfatiz\u00f3-, porque al abrir un espacio literario como este, a donde acudir\u00e1n ni\u00f1os, j\u00f3venes y adultos a disfrutar de la lectura, es para hacer fiesta -reiter\u00f3-.<\/p>\n\n\n\n<p>Subray\u00f3 no tener ninguna duda que el Para &#8211; Libro funcionar\u00e1, porque ya estaba funcionando, y m\u00e1s ahora que se invitar\u00e1 a ser parte del proyecto a nuevos mediadores de sala de lectura que ya tienen sus diplomas.<\/p>\n\n\n\n<p>Para finalizar, Iniesta Mondrag\u00f3n refiri\u00f3 que las actividades iniciar\u00e1n a las 18:00 horas, ya que en las ma\u00f1anas no funciona, no porque no haya lectores, sino por circunstancias clim\u00e1ticas.<\/p>\n\n\n\n<p><\/p>\n","protected":false},"excerpt":{"rendered":"<p>Por Salvador Altamirano\/Zunoticia Huejutla, Hgo.- \u201cpor instrucciones del presidente municipal, Daniel Andrade Zurutuza, en fecha pr\u00f3xima se abrir\u00e1 el Para &#8211; Libro existente en la plaza de la Revoluci\u00f3n Mexicana, el cual fue abandonado desde hace seis a\u00f1os\u201d. Lo anterior, fue expresado por el mediador de la Sala de Lectura Jaime Sabines, Leopoldo Enrique Iniesta&hellip; <a class=\"more-link\" href=\"https:\/\/www.zunoticia.com\/noticias-de-hidalgo\/2024\/02\/08\/se-abrira-el-para-libro-de-la-plaza-de-la-revolucion-mexicana\/\">Seguir leyendo <span class=\"screen-reader-text\">Se abrir\u00e1 el Para &#8211; Libro de la plaza de la Revoluci\u00f3n Mexicana<\/span><\/a><\/p>\n","protected":false},"author":20,"featured_media":525793,"comment_status":"open","ping_status":"open","sticky":false,"template":"","format":"standard","meta":{"rop_custom_images_group":[],"rop_custom_messages_group":[],"rop_publish_now":"initial","rop_publish_now_accounts":{"facebook_10159540855086992_322828327761733":""},"rop_publish_now_history":[],"rop_publish_now_status":"pending","footnotes":""},"categories":[181],"tags":[121],"class_list":["post-525792","post","type-post","status-publish","format-standard","has-post-thumbnail","hentry","category-huejutla","tag-huejutla","entry"],"_links":{"self":[{"href":"https:\/\/www.zunoticia.com\/noticias-de-hidalgo\/wp-json\/wp\/v2\/posts\/525792","targetHints":{"allow":["GET"]}}],"collection":[{"href":"https:\/\/www.zunoticia.com\/noticias-de-hidalgo\/wp-json\/wp\/v2\/posts"}],"about":[{"href":"https:\/\/www.zunoticia.com\/noticias-de-hidalgo\/wp-json\/wp\/v2\/types\/post"}],"author":[{"embeddable":true,"href":"https:\/\/www.zunoticia.com\/noticias-de-hidalgo\/wp-json\/wp\/v2\/users\/20"}],"replies":[{"embeddable":true,"href":"https:\/\/www.zunoticia.com\/noticias-de-hidalgo\/wp-json\/wp\/v2\/comments?post=525792"}],"version-history":[{"count":1,"href":"https:\/\/www.zunoticia.com\/noticias-de-hidalgo\/wp-json\/wp\/v2\/posts\/525792\/revisions"}],"predecessor-version":[{"id":525794,"href":"https:\/\/www.zunoticia.com\/noticias-de-hidalgo\/wp-json\/wp\/v2\/posts\/525792\/revisions\/525794"}],"wp:featuredmedia":[{"embeddable":true,"href":"https:\/\/www.zunoticia.com\/noticias-de-hidalgo\/wp-json\/wp\/v2\/media\/525793"}],"wp:attachment":[{"href":"https:\/\/www.zunoticia.com\/noticias-de-hidalgo\/wp-json\/wp\/v2\/media?parent=525792"}],"wp:term":[{"taxonomy":"category","embeddable":true,"href":"https:\/\/www.zunoticia.com\/noticias-de-hidalgo\/wp-json\/wp\/v2\/categories?post=525792"},{"taxonomy":"post_tag","embeddable":true,"href":"https:\/\/www.zunoticia.com\/noticias-de-hidalgo\/wp-json\/wp\/v2\/tags?post=525792"}],"curies":[{"name":"wp","href":"https:\/\/api.w.org\/{rel}","templated":true}]}}