{"id":525908,"date":"2024-02-08T21:00:57","date_gmt":"2024-02-09T03:00:57","guid":{"rendered":"https:\/\/www.zunoticia.com\/noticias-de-hidalgo\/?p=525908"},"modified":"2024-02-08T21:01:00","modified_gmt":"2024-02-09T03:01:00","slug":"militantes-del-pan-se-quejan-de-falta-de-activismo-politico","status":"publish","type":"post","link":"https:\/\/www.zunoticia.com\/noticias-de-hidalgo\/2024\/02\/08\/militantes-del-pan-se-quejan-de-falta-de-activismo-politico\/","title":{"rendered":"Militantes del PAN se quejan de falta de activismo pol\u00edtico"},"content":{"rendered":"<aside class=\"mashsb-container mashsb-main mashsb-stretched\"><div class=\"mashsb-box\"><div class=\"mashsb-count mash-large\" style=\"float:left\"><div class=\"counts mashsbcount\">14<\/div><span class=\"mashsb-sharetext\">SHARES<\/span><\/div><div class=\"mashsb-buttons\"><a class=\"mashicon-facebook mash-large mash-center mashsb-noshadow\" href=\"https:\/\/www.facebook.com\/sharer.php?u=https%3A%2F%2Fwww.zunoticia.com%2Fnoticias-de-hidalgo%2F2024%2F02%2F08%2Fmilitantes-del-pan-se-quejan-de-falta-de-activismo-politico%2F\" target=\"_top\" rel=\"nofollow\"><span class=\"icon\"><\/span><span class=\"text\">Share<\/span><\/a><a class=\"mashicon-twitter mash-large mash-center mashsb-noshadow\" href=\"https:\/\/twitter.com\/intent\/tweet?text=&amp;url=https:\/\/www.zunoticia.com\/noticias-de-hidalgo\/2024\/02\/08\/militantes-del-pan-se-quejan-de-falta-de-activismo-politico\/\" target=\"_top\" rel=\"nofollow\"><span class=\"icon\"><\/span><span class=\"text\">Tweet<\/span><\/a><div class=\"onoffswitch2 mash-large mashsb-noshadow\" style=\"display:none\"><\/div><\/div>\n            <\/div>\n                <div style=\"clear:both\"><\/div><div class=\"mashsb-toggle-container\"><\/div><\/aside>\n            <!-- Share buttons by mashshare.net - Version: 4.0.47-->\n<p><em>Por Salvador Altamirano\/Zunoticia<\/em><\/p>\n\n\n\n<p><strong>Huejutla, Hgo.-<\/strong> Personas que se dijeron militantes del Partido Acci\u00f3n Nacional (PAN) manifestaron que, no obstante que esta pr\u00f3xima la contienda para renovar ayuntamientos y c\u00e1maras de diputados federales y locales, la oficina del blanquiazul permanece cerrada.<\/p>\n\n\n\n<p>Refirieron que, tienen conocimiento que posiblemente vayan en coalici\u00f3n con el PRD y el PRI, pero esta \u00faltima fracci\u00f3n pol\u00edtica es la \u00fanica que tiene activismo pol\u00edtico.<\/p>\n\n\n\n<p>Agregaron que, seg\u00fan les han informado, la oficina, la cual se encuentra en la Avenida Vel\u00e1zquez Ibarra, en la Zona Centro, la abren tres d\u00edas a la semana, lunes, mi\u00e9rcoles y viernes, pero siempre est\u00e1 cerrada.<\/p>\n\n\n\n<p>Por tal motivo, solicitan al dirigente del Comit\u00e9 Directivo Municipal, Ramiro Hern\u00e1ndez Torres, que le ponga m\u00e1s atenci\u00f3n a quienes les proporcionan el &#8220;voto duro&#8221;, con visitas a domicilio y apertura de oficina.<\/p>\n\n\n\n<p>Para finalizar, exhortan a los dirigentes de los tres partidos que conforman el Frente Amplio por M\u00e9xico, a que no bajen la guardia, de lo contrario estar\u00edan coadyuvando a que no haya democracia.<\/p>\n","protected":false},"excerpt":{"rendered":"<p>Por Salvador Altamirano\/Zunoticia Huejutla, Hgo.- Personas que se dijeron militantes del Partido Acci\u00f3n Nacional (PAN) manifestaron que, no obstante que esta pr\u00f3xima la contienda para renovar ayuntamientos y c\u00e1maras de diputados federales y locales, la oficina del blanquiazul permanece cerrada. Refirieron que, tienen conocimiento que posiblemente vayan en coalici\u00f3n con el PRD y el PRI,&hellip; <a class=\"more-link\" href=\"https:\/\/www.zunoticia.com\/noticias-de-hidalgo\/2024\/02\/08\/militantes-del-pan-se-quejan-de-falta-de-activismo-politico\/\">Seguir leyendo <span class=\"screen-reader-text\">Militantes del PAN se quejan de falta de activismo pol\u00edtico<\/span><\/a><\/p>\n","protected":false},"author":12,"featured_media":525882,"comment_status":"open","ping_status":"open","sticky":false,"template":"","format":"standard","meta":{"rop_custom_images_group":[],"rop_custom_messages_group":[],"rop_publish_now":"initial","rop_publish_now_accounts":{"facebook_10159540855086992_322828327761733":""},"rop_publish_now_history":[],"rop_publish_now_status":"pending","footnotes":""},"categories":[181],"tags":[121],"class_list":["post-525908","post","type-post","status-publish","format-standard","has-post-thumbnail","hentry","category-huejutla","tag-huejutla","entry"],"_links":{"self":[{"href":"https:\/\/www.zunoticia.com\/noticias-de-hidalgo\/wp-json\/wp\/v2\/posts\/525908","targetHints":{"allow":["GET"]}}],"collection":[{"href":"https:\/\/www.zunoticia.com\/noticias-de-hidalgo\/wp-json\/wp\/v2\/posts"}],"about":[{"href":"https:\/\/www.zunoticia.com\/noticias-de-hidalgo\/wp-json\/wp\/v2\/types\/post"}],"author":[{"embeddable":true,"href":"https:\/\/www.zunoticia.com\/noticias-de-hidalgo\/wp-json\/wp\/v2\/users\/12"}],"replies":[{"embeddable":true,"href":"https:\/\/www.zunoticia.com\/noticias-de-hidalgo\/wp-json\/wp\/v2\/comments?post=525908"}],"version-history":[{"count":1,"href":"https:\/\/www.zunoticia.com\/noticias-de-hidalgo\/wp-json\/wp\/v2\/posts\/525908\/revisions"}],"predecessor-version":[{"id":525911,"href":"https:\/\/www.zunoticia.com\/noticias-de-hidalgo\/wp-json\/wp\/v2\/posts\/525908\/revisions\/525911"}],"wp:featuredmedia":[{"embeddable":true,"href":"https:\/\/www.zunoticia.com\/noticias-de-hidalgo\/wp-json\/wp\/v2\/media\/525882"}],"wp:attachment":[{"href":"https:\/\/www.zunoticia.com\/noticias-de-hidalgo\/wp-json\/wp\/v2\/media?parent=525908"}],"wp:term":[{"taxonomy":"category","embeddable":true,"href":"https:\/\/www.zunoticia.com\/noticias-de-hidalgo\/wp-json\/wp\/v2\/categories?post=525908"},{"taxonomy":"post_tag","embeddable":true,"href":"https:\/\/www.zunoticia.com\/noticias-de-hidalgo\/wp-json\/wp\/v2\/tags?post=525908"}],"curies":[{"name":"wp","href":"https:\/\/api.w.org\/{rel}","templated":true}]}}