{"id":525912,"date":"2024-02-08T21:10:23","date_gmt":"2024-02-09T03:10:23","guid":{"rendered":"https:\/\/www.zunoticia.com\/noticias-de-hidalgo\/?p=525912"},"modified":"2024-02-08T21:23:29","modified_gmt":"2024-02-09T03:23:29","slug":"alcalde-presento-a-yamileth-andrade-como-presidente-del-dif","status":"publish","type":"post","link":"https:\/\/www.zunoticia.com\/noticias-de-hidalgo\/2024\/02\/08\/alcalde-presento-a-yamileth-andrade-como-presidente-del-dif\/","title":{"rendered":"Alcalde present\u00f3 a Yamile Andrade como presidente del DIF"},"content":{"rendered":"<aside class=\"mashsb-container mashsb-main mashsb-stretched\"><div class=\"mashsb-box\"><div class=\"mashsb-count mash-large\" style=\"float:left\"><div class=\"counts mashsbcount\">13<\/div><span class=\"mashsb-sharetext\">SHARES<\/span><\/div><div class=\"mashsb-buttons\"><a class=\"mashicon-facebook mash-large mash-center mashsb-noshadow\" href=\"https:\/\/www.facebook.com\/sharer.php?u=https%3A%2F%2Fwww.zunoticia.com%2Fnoticias-de-hidalgo%2F2024%2F02%2F08%2Falcalde-presento-a-yamileth-andrade-como-presidente-del-dif%2F\" target=\"_top\" rel=\"nofollow\"><span class=\"icon\"><\/span><span class=\"text\">Share<\/span><\/a><a class=\"mashicon-twitter mash-large mash-center mashsb-noshadow\" href=\"https:\/\/twitter.com\/intent\/tweet?text=&amp;url=https:\/\/www.zunoticia.com\/noticias-de-hidalgo\/2024\/02\/08\/alcalde-presento-a-yamileth-andrade-como-presidente-del-dif\/\" target=\"_top\" rel=\"nofollow\"><span class=\"icon\"><\/span><span class=\"text\">Tweet<\/span><\/a><div class=\"onoffswitch2 mash-large mashsb-noshadow\" style=\"display:none\"><\/div><\/div>\n            <\/div>\n                <div style=\"clear:both\"><\/div><div class=\"mashsb-toggle-container\"><\/div><\/aside>\n            <!-- Share buttons by mashshare.net - Version: 4.0.47-->\n<p><em>Por Mois\u00e9s Medrano\/Zunoticia<\/em><\/p>\n\n\n\n<p><strong>Huejutla, Hgo.-<\/strong> Durante el emotivo evento del programa del DIF \u201cCalzando de Coraz\u00f3n\u201d el alcalde, Daniel Andrade Zurutuza, present\u00f3 a la titular Sistema Municipal para el Desarrollo Integral de la Familia, Yamile Andrade Zurutuza, quien le agradeci\u00f3 el gesto de integraci\u00f3n a una \u00e1rea tan importante. El presidente durante la presentaci\u00f3n le inform\u00f3 de todos los programas con los que cuentan el DIF y le dijo que esa \u00e1rea era el coraz\u00f3n de la administraci\u00f3n municipal de Huejutla.<\/p>\n\n\n\n<figure class=\"wp-block-image size-full\"><img fetchpriority=\"high\" decoding=\"async\" width=\"1600\" height=\"1200\" src=\"https:\/\/www.zunoticia.com\/noticias-de-hidalgo\/wp-content\/uploads\/2024\/02\/eZy-Watermark_08-02-2024_08-15-15-4920p.m.jpg\" alt=\"\" class=\"wp-image-525883\"\/><\/figure>\n\n\n\n<p>Yamile agradeci\u00f3 el gesto de ser parte de un servicio con la sociedad, sobre todo de programas tan sensibles y nobles que impactan en la sociedad.<\/p>\n\n\n\n<p>Se hizo entrega de zapatos escolares a ni\u00f1os y ni\u00f1as que se inscribieron a este beneficio, que lleva como objetivo generar asistencia a necesidades tan sensibles&nbsp;para&nbsp;la&nbsp;ni\u00f1ez.<\/p>\n","protected":false},"excerpt":{"rendered":"<p>Por Mois\u00e9s Medrano\/Zunoticia Huejutla, Hgo.- Durante el emotivo evento del programa del DIF \u201cCalzando de Coraz\u00f3n\u201d el alcalde, Daniel Andrade Zurutuza, present\u00f3 a la titular Sistema Municipal para el Desarrollo Integral de la Familia, Yamile Andrade Zurutuza, quien le agradeci\u00f3 el gesto de integraci\u00f3n a una \u00e1rea tan importante. El presidente durante la presentaci\u00f3n le&hellip; <a class=\"more-link\" href=\"https:\/\/www.zunoticia.com\/noticias-de-hidalgo\/2024\/02\/08\/alcalde-presento-a-yamileth-andrade-como-presidente-del-dif\/\">Seguir leyendo <span class=\"screen-reader-text\">Alcalde present\u00f3 a Yamile Andrade como presidente del DIF<\/span><\/a><\/p>\n","protected":false},"author":12,"featured_media":525886,"comment_status":"open","ping_status":"open","sticky":false,"template":"","format":"standard","meta":{"rop_custom_images_group":[],"rop_custom_messages_group":[],"rop_publish_now":"initial","rop_publish_now_accounts":{"facebook_10159540855086992_322828327761733":""},"rop_publish_now_history":[],"rop_publish_now_status":"pending","footnotes":""},"categories":[181],"tags":[121],"class_list":["post-525912","post","type-post","status-publish","format-standard","has-post-thumbnail","hentry","category-huejutla","tag-huejutla","entry"],"_links":{"self":[{"href":"https:\/\/www.zunoticia.com\/noticias-de-hidalgo\/wp-json\/wp\/v2\/posts\/525912","targetHints":{"allow":["GET"]}}],"collection":[{"href":"https:\/\/www.zunoticia.com\/noticias-de-hidalgo\/wp-json\/wp\/v2\/posts"}],"about":[{"href":"https:\/\/www.zunoticia.com\/noticias-de-hidalgo\/wp-json\/wp\/v2\/types\/post"}],"author":[{"embeddable":true,"href":"https:\/\/www.zunoticia.com\/noticias-de-hidalgo\/wp-json\/wp\/v2\/users\/12"}],"replies":[{"embeddable":true,"href":"https:\/\/www.zunoticia.com\/noticias-de-hidalgo\/wp-json\/wp\/v2\/comments?post=525912"}],"version-history":[{"count":2,"href":"https:\/\/www.zunoticia.com\/noticias-de-hidalgo\/wp-json\/wp\/v2\/posts\/525912\/revisions"}],"predecessor-version":[{"id":525918,"href":"https:\/\/www.zunoticia.com\/noticias-de-hidalgo\/wp-json\/wp\/v2\/posts\/525912\/revisions\/525918"}],"wp:featuredmedia":[{"embeddable":true,"href":"https:\/\/www.zunoticia.com\/noticias-de-hidalgo\/wp-json\/wp\/v2\/media\/525886"}],"wp:attachment":[{"href":"https:\/\/www.zunoticia.com\/noticias-de-hidalgo\/wp-json\/wp\/v2\/media?parent=525912"}],"wp:term":[{"taxonomy":"category","embeddable":true,"href":"https:\/\/www.zunoticia.com\/noticias-de-hidalgo\/wp-json\/wp\/v2\/categories?post=525912"},{"taxonomy":"post_tag","embeddable":true,"href":"https:\/\/www.zunoticia.com\/noticias-de-hidalgo\/wp-json\/wp\/v2\/tags?post=525912"}],"curies":[{"name":"wp","href":"https:\/\/api.w.org\/{rel}","templated":true}]}}