{"id":526183,"date":"2024-02-10T12:37:52","date_gmt":"2024-02-10T18:37:52","guid":{"rendered":"https:\/\/www.zunoticia.com\/noticias-de-hidalgo\/?p=526183"},"modified":"2024-02-10T12:38:39","modified_gmt":"2024-02-10T18:38:39","slug":"telesecundaria-realiza-demostracion-de-desarrollo-de-proyectos-academicos","status":"publish","type":"post","link":"https:\/\/www.zunoticia.com\/noticias-de-hidalgo\/2024\/02\/10\/telesecundaria-realiza-demostracion-de-desarrollo-de-proyectos-academicos\/","title":{"rendered":"Telesecundaria realiza demostraci\u00f3n de desarrollo de proyectos acad\u00e9micos"},"content":{"rendered":"<aside class=\"mashsb-container mashsb-main mashsb-stretched\"><div class=\"mashsb-box\"><div class=\"mashsb-count mash-large\" style=\"float:left\"><div class=\"counts mashsbcount\">35<\/div><span class=\"mashsb-sharetext\">SHARES<\/span><\/div><div class=\"mashsb-buttons\"><a class=\"mashicon-facebook mash-large mash-center mashsb-noshadow\" href=\"https:\/\/www.facebook.com\/sharer.php?u=https%3A%2F%2Fwww.zunoticia.com%2Fnoticias-de-hidalgo%2F2024%2F02%2F10%2Ftelesecundaria-realiza-demostracion-de-desarrollo-de-proyectos-academicos%2F\" target=\"_top\" rel=\"nofollow\"><span class=\"icon\"><\/span><span class=\"text\">Share<\/span><\/a><a class=\"mashicon-twitter mash-large mash-center mashsb-noshadow\" href=\"https:\/\/twitter.com\/intent\/tweet?text=&amp;url=https:\/\/www.zunoticia.com\/noticias-de-hidalgo\/2024\/02\/10\/telesecundaria-realiza-demostracion-de-desarrollo-de-proyectos-academicos\/\" target=\"_top\" rel=\"nofollow\"><span class=\"icon\"><\/span><span class=\"text\">Tweet<\/span><\/a><div class=\"onoffswitch2 mash-large mashsb-noshadow\" style=\"display:none\"><\/div><\/div>\n            <\/div>\n                <div style=\"clear:both\"><\/div><div class=\"mashsb-toggle-container\"><\/div><\/aside>\n            <!-- Share buttons by mashshare.net - Version: 4.0.47-->\n<p><em>Por Enedino Hern\u00e1ndez\/Zunoticia<\/em><\/p>\n\n\n\n<p><strong>Huejutla, Hgo.-<\/strong> Con el objetivo de reforzar el sentido social del proceso educativo, aprender para servir, para ser m\u00e1s eficientes en la b\u00fasqueda conjunta de soluciones a los problemas de la comunidad, alumnos de 9 grupos de la Escuela Telesecundaria 128 de Ixcatepec, Huejutla, participaron en la demostraci\u00f3n p\u00fablica de lo aprendido en el desarrollo de los proyectos acad\u00e9micos.<\/p>\n\n\n\n<p>La actividad se realiz\u00f3 este fin de semana, en las instalaciones del citado plantel educativo con la entusiasta participaci\u00f3n de alumnos, maestros y bajo la direcci\u00f3n del profesor Ernesto M\u00e9ndez Bautista.<\/p>\n\n\n\n<p>Se destaca que, con la demostraci\u00f3n de lo aprendido se pretende significar la evaluaci\u00f3n del proceso educativo del servicio de Telesecundaria, considerado como una educaci\u00f3n para vivir mejor y no \u00fanicamente como una comprobaci\u00f3n de la memorizaci\u00f3n de datos aislados, en una prueba escrita de respuesta cerrada o en un cuestionario de preguntas de respuesta breve, con el prop\u00f3sito de obtener una calificaci\u00f3n que determine la acreditaci\u00f3n o reprobaci\u00f3n de cada estudiante.<\/p>\n\n\n\n<p>Adem\u00e1s, se busca integrar en un proceso educativo sistem\u00e1tico las diversas actividades escolares en beneficio de los educandos y la comunidad; en este proceso, no es el n\u00famero y la diversidad de las actividades lo que importa, sino la calidad de \u00e9stas, sobre todo, la intencionalidad que las oriente hacia una formaci\u00f3n integral del educando tanto en la vertiente individual como en lo social.<\/p>\n\n\n\n<p>Para concluir&nbsp; se destaca que la actividad se desarroll\u00f3 en el marco de la nueva escuela mexicana, en donde los alumnos, padres de familia, docentes y personal de apoyo a la educaci\u00f3n, participaron como el equipo que son, en la demostraci\u00f3n p\u00fablica de lo aprendido en el desarrollo de los proyectos acad\u00e9micos integrados en los campos formativos: \u00c9tica, Naturaleza y Sociedades; Lenguajes; de lo Humano y lo Comunitario; Saberes y Pensamiento Cient\u00edfico, los cuales integran la propuesta curricular 2022 que vinculan los ejes articuladores: igualdad de g\u00e9nero, fomento a la lectura y escritura, inclusi\u00f3n, pensamiento cr\u00edtico, educaci\u00f3n est\u00e9tica, vida saludable e interculturalidad cr\u00edtica.<\/p>\n\n\n\n<figure class=\"wp-block-gallery has-nested-images columns-default is-cropped wp-block-gallery-1 is-layout-flex wp-block-gallery-is-layout-flex\">\n<figure class=\"wp-block-image size-large\"><img fetchpriority=\"high\" decoding=\"async\" width=\"933\" height=\"524\" data-id=\"526186\" src=\"https:\/\/www.zunoticia.com\/noticias-de-hidalgo\/wp-content\/uploads\/2024\/02\/Zunoticia-Huejutla-2-8.png\" alt=\"\" class=\"wp-image-526186\"\/><\/figure>\n\n\n\n<figure class=\"wp-block-image size-large\"><img decoding=\"async\" width=\"933\" height=\"524\" data-id=\"526185\" src=\"https:\/\/www.zunoticia.com\/noticias-de-hidalgo\/wp-content\/uploads\/2024\/02\/Zunoticia-Huejutla-1-3.png\" alt=\"\" class=\"wp-image-526185\"\/><\/figure>\n<\/figure>\n","protected":false},"excerpt":{"rendered":"<p>Por Enedino Hern\u00e1ndez\/Zunoticia Huejutla, Hgo.- Con el objetivo de reforzar el sentido social del proceso educativo, aprender para servir, para ser m\u00e1s eficientes en la b\u00fasqueda conjunta de soluciones a los problemas de la comunidad, alumnos de 9 grupos de la Escuela Telesecundaria 128 de Ixcatepec, Huejutla, participaron en la demostraci\u00f3n p\u00fablica de lo aprendido&hellip; <a class=\"more-link\" href=\"https:\/\/www.zunoticia.com\/noticias-de-hidalgo\/2024\/02\/10\/telesecundaria-realiza-demostracion-de-desarrollo-de-proyectos-academicos\/\">Seguir leyendo <span class=\"screen-reader-text\">Telesecundaria realiza demostraci\u00f3n de desarrollo de proyectos acad\u00e9micos<\/span><\/a><\/p>\n","protected":false},"author":20,"featured_media":526184,"comment_status":"open","ping_status":"open","sticky":false,"template":"","format":"standard","meta":{"rop_custom_images_group":[],"rop_custom_messages_group":[],"rop_publish_now":"initial","rop_publish_now_accounts":{"facebook_10159540855086992_322828327761733":""},"rop_publish_now_history":[],"rop_publish_now_status":"pending","footnotes":""},"categories":[181],"tags":[121],"class_list":["post-526183","post","type-post","status-publish","format-standard","has-post-thumbnail","hentry","category-huejutla","tag-huejutla","entry"],"_links":{"self":[{"href":"https:\/\/www.zunoticia.com\/noticias-de-hidalgo\/wp-json\/wp\/v2\/posts\/526183","targetHints":{"allow":["GET"]}}],"collection":[{"href":"https:\/\/www.zunoticia.com\/noticias-de-hidalgo\/wp-json\/wp\/v2\/posts"}],"about":[{"href":"https:\/\/www.zunoticia.com\/noticias-de-hidalgo\/wp-json\/wp\/v2\/types\/post"}],"author":[{"embeddable":true,"href":"https:\/\/www.zunoticia.com\/noticias-de-hidalgo\/wp-json\/wp\/v2\/users\/20"}],"replies":[{"embeddable":true,"href":"https:\/\/www.zunoticia.com\/noticias-de-hidalgo\/wp-json\/wp\/v2\/comments?post=526183"}],"version-history":[{"count":1,"href":"https:\/\/www.zunoticia.com\/noticias-de-hidalgo\/wp-json\/wp\/v2\/posts\/526183\/revisions"}],"predecessor-version":[{"id":526187,"href":"https:\/\/www.zunoticia.com\/noticias-de-hidalgo\/wp-json\/wp\/v2\/posts\/526183\/revisions\/526187"}],"wp:featuredmedia":[{"embeddable":true,"href":"https:\/\/www.zunoticia.com\/noticias-de-hidalgo\/wp-json\/wp\/v2\/media\/526184"}],"wp:attachment":[{"href":"https:\/\/www.zunoticia.com\/noticias-de-hidalgo\/wp-json\/wp\/v2\/media?parent=526183"}],"wp:term":[{"taxonomy":"category","embeddable":true,"href":"https:\/\/www.zunoticia.com\/noticias-de-hidalgo\/wp-json\/wp\/v2\/categories?post=526183"},{"taxonomy":"post_tag","embeddable":true,"href":"https:\/\/www.zunoticia.com\/noticias-de-hidalgo\/wp-json\/wp\/v2\/tags?post=526183"}],"curies":[{"name":"wp","href":"https:\/\/api.w.org\/{rel}","templated":true}]}}