{"id":526194,"date":"2024-02-10T13:20:23","date_gmt":"2024-02-10T19:20:23","guid":{"rendered":"https:\/\/www.zunoticia.com\/noticias-de-hidalgo\/?p=526194"},"modified":"2024-02-10T13:20:26","modified_gmt":"2024-02-10T19:20:26","slug":"ex-delegada-agradece-al-presidente-municipal-por-apoyos-a-su-colonia","status":"publish","type":"post","link":"https:\/\/www.zunoticia.com\/noticias-de-hidalgo\/2024\/02\/10\/ex-delegada-agradece-al-presidente-municipal-por-apoyos-a-su-colonia\/","title":{"rendered":"Ex- delegada agradece al presidente municipal por apoyos a su colonia"},"content":{"rendered":"<aside class=\"mashsb-container mashsb-main mashsb-stretched\"><div class=\"mashsb-box\"><div class=\"mashsb-count mash-large\" style=\"float:left\"><div class=\"counts mashsbcount\">0<\/div><span class=\"mashsb-sharetext\">SHARES<\/span><\/div><div class=\"mashsb-buttons\"><a class=\"mashicon-facebook mash-large mash-center mashsb-noshadow\" href=\"https:\/\/www.facebook.com\/sharer.php?u=https%3A%2F%2Fwww.zunoticia.com%2Fnoticias-de-hidalgo%2F2024%2F02%2F10%2Fex-delegada-agradece-al-presidente-municipal-por-apoyos-a-su-colonia%2F\" target=\"_top\" rel=\"nofollow\"><span class=\"icon\"><\/span><span class=\"text\">Share<\/span><\/a><a class=\"mashicon-twitter mash-large mash-center mashsb-noshadow\" href=\"https:\/\/twitter.com\/intent\/tweet?text=&amp;url=https:\/\/www.zunoticia.com\/noticias-de-hidalgo\/2024\/02\/10\/ex-delegada-agradece-al-presidente-municipal-por-apoyos-a-su-colonia\/\" target=\"_top\" rel=\"nofollow\"><span class=\"icon\"><\/span><span class=\"text\">Tweet<\/span><\/a><div class=\"onoffswitch2 mash-large mashsb-noshadow\" style=\"display:none\"><\/div><\/div>\n            <\/div>\n                <div style=\"clear:both\"><\/div><div class=\"mashsb-toggle-container\"><\/div><\/aside>\n            <!-- Share buttons by mashshare.net - Version: 4.0.47-->\n<p><em>Por Salvador Altamirano\/Zunoticia<\/em><\/p>\n\n\n\n<p><strong>Huejutla, Hgo.-<\/strong> \u201cConcluida mi gesti\u00f3n, por segunda ocasi\u00f3n como delegada municipal, agradezco a nombre de mis representados y propio al alcalde, Daniel Andrade Zurutuza, por el apoyo en materia de obra p\u00fablica que nos otorg\u00f3; exhorto a mi sucesor a seguirse preocupando por las necesidades de la colonia\u201d.<\/p>\n\n\n\n<p>Lo anterior, fue expresado por la ex &#8211; representante delegacional de la colonia Capit\u00e1n Antonio Reyes, Roc\u00edo Vite G\u00f3mez, quien agreg\u00f3 que, no es nada m\u00e1s ocupar el puesto como delegado, sino gestionar e insistir en que se les autoricen y cristalicen los proyectos.<\/p>\n\n\n\n<p>Subrayando que, se va satisfecha de su labor, detall\u00f3 que en su primera gesti\u00f3n, que correspondi\u00f3 al 2019, se lograron dos obras de impacto: el puente del sector poblacional de Pozo Lim\u00f3n y la apertura de la calle que ostenta el nombre de &#8220;Ezequiel Reyes Cerecedo&#8221;, que comunica a seis colonias de la zona alta, de la loma de los papalote.<\/p>\n\n\n\n<p>Agreg\u00f3 que, entre otras obras, tambi\u00e9n se logr\u00f3 un proyecto de electrificaci\u00f3n en la mencionada zona de Pozo Lim\u00f3n; un muro de contenci\u00f3n en la Ampliaci\u00f3n Benito Ju\u00e1rez; la construcci\u00f3n de unas escalinatas que comunica las calles Cuauht\u00e9moc y Jaime Nuno.<\/p>\n\n\n\n<p>Enfatiz\u00f3 que, en su segundo periodo le fueron aprobadas un total de 7 obras: pavimentaci\u00f3n en las calles Prolongaci\u00f3n Juan Mogica Ugalde y Ampliaci\u00f3n Benito Ju\u00e1rez; introducci\u00f3n de sistemas de agua Potable y drenaje en la zona de el Cafetal que est\u00e1n por concluir.<\/p>\n\n\n\n<p>Para finalizar, la ex-delegada municipal de la colonia Capit\u00e1n Antonio Reyes refiri\u00f3 que est\u00e1n por iniciarse los asfaltados de las calles Cuauht\u00e9moc y Jaime Nun\u00f3; otra que tambi\u00e9n est\u00e1 por terminar, cuya gesti\u00f3n empez\u00f3 hasta el 2019, que son las escaleras de la Segunda Cerrada de Morelos.<\/p>\n\n\n\n<figure class=\"wp-block-image size-full\"><img fetchpriority=\"high\" decoding=\"async\" width=\"933\" height=\"524\" src=\"https:\/\/www.zunoticia.com\/noticias-de-hidalgo\/wp-content\/uploads\/2024\/02\/Zunoticia-Huejutla-2-34.jpg\" alt=\"\" class=\"wp-image-526196\"\/><\/figure>\n","protected":false},"excerpt":{"rendered":"<p>Por Salvador Altamirano\/Zunoticia Huejutla, Hgo.- \u201cConcluida mi gesti\u00f3n, por segunda ocasi\u00f3n como delegada municipal, agradezco a nombre de mis representados y propio al alcalde, Daniel Andrade Zurutuza, por el apoyo en materia de obra p\u00fablica que nos otorg\u00f3; exhorto a mi sucesor a seguirse preocupando por las necesidades de la colonia\u201d. Lo anterior, fue expresado&hellip; <a class=\"more-link\" href=\"https:\/\/www.zunoticia.com\/noticias-de-hidalgo\/2024\/02\/10\/ex-delegada-agradece-al-presidente-municipal-por-apoyos-a-su-colonia\/\">Seguir leyendo <span class=\"screen-reader-text\">Ex- delegada agradece al presidente municipal por apoyos a su colonia<\/span><\/a><\/p>\n","protected":false},"author":20,"featured_media":526195,"comment_status":"open","ping_status":"open","sticky":false,"template":"","format":"standard","meta":{"rop_custom_images_group":[],"rop_custom_messages_group":[],"rop_publish_now":"initial","rop_publish_now_accounts":{"facebook_10159540855086992_322828327761733":""},"rop_publish_now_history":[],"rop_publish_now_status":"pending","footnotes":""},"categories":[181],"tags":[121],"class_list":["post-526194","post","type-post","status-publish","format-standard","has-post-thumbnail","hentry","category-huejutla","tag-huejutla","entry"],"_links":{"self":[{"href":"https:\/\/www.zunoticia.com\/noticias-de-hidalgo\/wp-json\/wp\/v2\/posts\/526194","targetHints":{"allow":["GET"]}}],"collection":[{"href":"https:\/\/www.zunoticia.com\/noticias-de-hidalgo\/wp-json\/wp\/v2\/posts"}],"about":[{"href":"https:\/\/www.zunoticia.com\/noticias-de-hidalgo\/wp-json\/wp\/v2\/types\/post"}],"author":[{"embeddable":true,"href":"https:\/\/www.zunoticia.com\/noticias-de-hidalgo\/wp-json\/wp\/v2\/users\/20"}],"replies":[{"embeddable":true,"href":"https:\/\/www.zunoticia.com\/noticias-de-hidalgo\/wp-json\/wp\/v2\/comments?post=526194"}],"version-history":[{"count":1,"href":"https:\/\/www.zunoticia.com\/noticias-de-hidalgo\/wp-json\/wp\/v2\/posts\/526194\/revisions"}],"predecessor-version":[{"id":526197,"href":"https:\/\/www.zunoticia.com\/noticias-de-hidalgo\/wp-json\/wp\/v2\/posts\/526194\/revisions\/526197"}],"wp:featuredmedia":[{"embeddable":true,"href":"https:\/\/www.zunoticia.com\/noticias-de-hidalgo\/wp-json\/wp\/v2\/media\/526195"}],"wp:attachment":[{"href":"https:\/\/www.zunoticia.com\/noticias-de-hidalgo\/wp-json\/wp\/v2\/media?parent=526194"}],"wp:term":[{"taxonomy":"category","embeddable":true,"href":"https:\/\/www.zunoticia.com\/noticias-de-hidalgo\/wp-json\/wp\/v2\/categories?post=526194"},{"taxonomy":"post_tag","embeddable":true,"href":"https:\/\/www.zunoticia.com\/noticias-de-hidalgo\/wp-json\/wp\/v2\/tags?post=526194"}],"curies":[{"name":"wp","href":"https:\/\/api.w.org\/{rel}","templated":true}]}}