{"id":526216,"date":"2024-02-10T15:10:03","date_gmt":"2024-02-10T21:10:03","guid":{"rendered":"https:\/\/www.zunoticia.com\/noticias-de-hidalgo\/?p=526216"},"modified":"2024-02-10T15:10:06","modified_gmt":"2024-02-10T21:10:06","slug":"vehiculos-inservibles-deben-retirarse-de-la-via-publica","status":"publish","type":"post","link":"https:\/\/www.zunoticia.com\/noticias-de-hidalgo\/2024\/02\/10\/vehiculos-inservibles-deben-retirarse-de-la-via-publica\/","title":{"rendered":"Veh\u00edculos inservibles deben retirarse de la v\u00eda p\u00fablica"},"content":{"rendered":"<aside class=\"mashsb-container mashsb-main mashsb-stretched\"><div class=\"mashsb-box\"><div class=\"mashsb-count mash-large\" style=\"float:left\"><div class=\"counts mashsbcount\">16<\/div><span class=\"mashsb-sharetext\">SHARES<\/span><\/div><div class=\"mashsb-buttons\"><a class=\"mashicon-facebook mash-large mash-center mashsb-noshadow\" href=\"https:\/\/www.facebook.com\/sharer.php?u=https%3A%2F%2Fwww.zunoticia.com%2Fnoticias-de-hidalgo%2F2024%2F02%2F10%2Fvehiculos-inservibles-deben-retirarse-de-la-via-publica%2F\" target=\"_top\" rel=\"nofollow\"><span class=\"icon\"><\/span><span class=\"text\">Share<\/span><\/a><a class=\"mashicon-twitter mash-large mash-center mashsb-noshadow\" href=\"https:\/\/twitter.com\/intent\/tweet?text=&amp;url=https:\/\/www.zunoticia.com\/noticias-de-hidalgo\/2024\/02\/10\/vehiculos-inservibles-deben-retirarse-de-la-via-publica\/\" target=\"_top\" rel=\"nofollow\"><span class=\"icon\"><\/span><span class=\"text\">Tweet<\/span><\/a><div class=\"onoffswitch2 mash-large mashsb-noshadow\" style=\"display:none\"><\/div><\/div>\n            <\/div>\n                <div style=\"clear:both\"><\/div><div class=\"mashsb-toggle-container\"><\/div><\/aside>\n            <!-- Share buttons by mashshare.net - Version: 4.0.47-->\n<p><em>Por Salvador Altamirano\/Zunoticia<\/em><\/p>\n\n\n\n<p><strong>Huejutla, Hgo.-<\/strong> Personas residentes en la cabecera municipal, manifestaron que en las diferentes colonias de la misma, abundan veh\u00edculos chatarras en calidad de abandono en la v\u00eda p\u00fablica, lo cual ocasiona un riesgo para las personas.<\/p>\n\n\n\n<p>Agregaron que, por tal motivo, solicitan a la Direcci\u00f3n de Tr\u00e1nsito y Vialidad Municipal que implemente un programa integral de retiro de veh\u00edculos chatarras de las calles, ya que muchos tienen a\u00f1os en ciertos lugares.<\/p>\n\n\n\n<p>Faustino Gonz\u00e1lez Castillo, opin\u00f3 que, en primer t\u00e9rmino, las autoridades deben de acudir a dialogar con los due\u00f1os de los veh\u00edculos, a concientizarlos para que los retiren y si no acatan el requerimiento, proceder a llev\u00e1rselos al corral\u00f3n con la gr\u00faa.<\/p>\n\n\n\n<p>A pregunta expresa, coment\u00f3 que, un veh\u00edculo en calidad de chatarra abandonado en la calle es utilizado por algunas personas para tirar basura en su interior y lo que es peor, en ocasiones, por las noches es utilizado por vagos como refugio, ambos conceptos peligrosos.<\/p>\n\n\n\n<p>Para finalizar, exhort\u00f3 a los propietarios de veh\u00edculos inservibles a que sean conscientes que la v\u00eda p\u00fablica no es para dejar chatarra abandonada, por lo que la deben de resguardar en un sitio particular o en su defecto, venderla por pieza a los chatarreros.<\/p>\n\n\n\n<figure class=\"wp-block-image size-full\"><img fetchpriority=\"high\" decoding=\"async\" width=\"933\" height=\"524\" src=\"https:\/\/www.zunoticia.com\/noticias-de-hidalgo\/wp-content\/uploads\/2024\/02\/Zunoticia-Huejutla-1-97.jpg\" alt=\"\" class=\"wp-image-526218\"\/><\/figure>\n","protected":false},"excerpt":{"rendered":"<p>Por Salvador Altamirano\/Zunoticia Huejutla, Hgo.- Personas residentes en la cabecera municipal, manifestaron que en las diferentes colonias de la misma, abundan veh\u00edculos chatarras en calidad de abandono en la v\u00eda p\u00fablica, lo cual ocasiona un riesgo para las personas. Agregaron que, por tal motivo, solicitan a la Direcci\u00f3n de Tr\u00e1nsito y Vialidad Municipal que implemente&hellip; <a class=\"more-link\" href=\"https:\/\/www.zunoticia.com\/noticias-de-hidalgo\/2024\/02\/10\/vehiculos-inservibles-deben-retirarse-de-la-via-publica\/\">Seguir leyendo <span class=\"screen-reader-text\">Veh\u00edculos inservibles deben retirarse de la v\u00eda p\u00fablica<\/span><\/a><\/p>\n","protected":false},"author":20,"featured_media":526217,"comment_status":"open","ping_status":"open","sticky":false,"template":"","format":"standard","meta":{"rop_custom_images_group":[],"rop_custom_messages_group":[],"rop_publish_now":"initial","rop_publish_now_accounts":{"facebook_10159540855086992_322828327761733":""},"rop_publish_now_history":[],"rop_publish_now_status":"pending","footnotes":""},"categories":[181],"tags":[121],"class_list":["post-526216","post","type-post","status-publish","format-standard","has-post-thumbnail","hentry","category-huejutla","tag-huejutla","entry"],"_links":{"self":[{"href":"https:\/\/www.zunoticia.com\/noticias-de-hidalgo\/wp-json\/wp\/v2\/posts\/526216","targetHints":{"allow":["GET"]}}],"collection":[{"href":"https:\/\/www.zunoticia.com\/noticias-de-hidalgo\/wp-json\/wp\/v2\/posts"}],"about":[{"href":"https:\/\/www.zunoticia.com\/noticias-de-hidalgo\/wp-json\/wp\/v2\/types\/post"}],"author":[{"embeddable":true,"href":"https:\/\/www.zunoticia.com\/noticias-de-hidalgo\/wp-json\/wp\/v2\/users\/20"}],"replies":[{"embeddable":true,"href":"https:\/\/www.zunoticia.com\/noticias-de-hidalgo\/wp-json\/wp\/v2\/comments?post=526216"}],"version-history":[{"count":1,"href":"https:\/\/www.zunoticia.com\/noticias-de-hidalgo\/wp-json\/wp\/v2\/posts\/526216\/revisions"}],"predecessor-version":[{"id":526219,"href":"https:\/\/www.zunoticia.com\/noticias-de-hidalgo\/wp-json\/wp\/v2\/posts\/526216\/revisions\/526219"}],"wp:featuredmedia":[{"embeddable":true,"href":"https:\/\/www.zunoticia.com\/noticias-de-hidalgo\/wp-json\/wp\/v2\/media\/526217"}],"wp:attachment":[{"href":"https:\/\/www.zunoticia.com\/noticias-de-hidalgo\/wp-json\/wp\/v2\/media?parent=526216"}],"wp:term":[{"taxonomy":"category","embeddable":true,"href":"https:\/\/www.zunoticia.com\/noticias-de-hidalgo\/wp-json\/wp\/v2\/categories?post=526216"},{"taxonomy":"post_tag","embeddable":true,"href":"https:\/\/www.zunoticia.com\/noticias-de-hidalgo\/wp-json\/wp\/v2\/tags?post=526216"}],"curies":[{"name":"wp","href":"https:\/\/api.w.org\/{rel}","templated":true}]}}