{"id":526252,"date":"2024-02-10T17:40:28","date_gmt":"2024-02-10T23:40:28","guid":{"rendered":"https:\/\/www.zunoticia.com\/noticias-de-hidalgo\/?p=526252"},"modified":"2024-02-10T17:40:31","modified_gmt":"2024-02-10T23:40:31","slug":"celebraran-en-la-secundaria-general-2-el-dia-del-estudiante","status":"publish","type":"post","link":"https:\/\/www.zunoticia.com\/noticias-de-hidalgo\/2024\/02\/10\/celebraran-en-la-secundaria-general-2-el-dia-del-estudiante\/","title":{"rendered":"Celebrar\u00e1n en la Secundaria General 2 el \u201cD\u00eda del Estudiante\u201d"},"content":{"rendered":"<aside class=\"mashsb-container mashsb-main mashsb-stretched\"><div class=\"mashsb-box\"><div class=\"mashsb-count mash-large\" style=\"float:left\"><div class=\"counts mashsbcount\">20<\/div><span class=\"mashsb-sharetext\">SHARES<\/span><\/div><div class=\"mashsb-buttons\"><a class=\"mashicon-facebook mash-large mash-center mashsb-noshadow\" href=\"https:\/\/www.facebook.com\/sharer.php?u=https%3A%2F%2Fwww.zunoticia.com%2Fnoticias-de-hidalgo%2F2024%2F02%2F10%2Fcelebraran-en-la-secundaria-general-2-el-dia-del-estudiante%2F\" target=\"_top\" rel=\"nofollow\"><span class=\"icon\"><\/span><span class=\"text\">Share<\/span><\/a><a class=\"mashicon-twitter mash-large mash-center mashsb-noshadow\" href=\"https:\/\/twitter.com\/intent\/tweet?text=&amp;url=https:\/\/www.zunoticia.com\/noticias-de-hidalgo\/2024\/02\/10\/celebraran-en-la-secundaria-general-2-el-dia-del-estudiante\/\" target=\"_top\" rel=\"nofollow\"><span class=\"icon\"><\/span><span class=\"text\">Tweet<\/span><\/a><div class=\"onoffswitch2 mash-large mashsb-noshadow\" style=\"display:none\"><\/div><\/div>\n            <\/div>\n                <div style=\"clear:both\"><\/div><div class=\"mashsb-toggle-container\"><\/div><\/aside>\n            <!-- Share buttons by mashshare.net - Version: 4.0.47-->\n<p><em>Por Enedino Hern\u00e1ndez\/Zunoticia<\/em><\/p>\n\n\n\n<p><strong>Huejutla, Hgo.-<\/strong> El 14 de febrero en el sistema de Secundarias Generales de Hidalgo se celebra el D\u00eda del Estudiante, motivo por el cual ya se llevan a cabo los preparativos necesarios para realizar diversas actividades en el plantel educativo, as\u00ed lo confirm\u00f3 el director de la Escuela Secundaria General N\u00famero dos de Huejutla de Reyes, Jorge Arturo Rocha Reyes.<\/p>\n\n\n\n<p>Detall\u00f3 que, todas las Secundarias Generales del estado de Hidalgo festejan el D\u00eda del Estudiante el 14 de febrero, por lo que se preparan en la instituci\u00f3n los juegos organizados, partido de f\u00fatbol, adem\u00e1s de m\u00fasica en donde puedan esparcir de forma diurna sus deseos de bailar y de divertirse en sana convivencia dentro de la escuela, sin gente externa.<\/p>\n\n\n\n<p>A\u00f1adi\u00f3 que, las actividades se realizar\u00e1n en el horario normal, revisando que de alguna manera tengan la oportunidad los ni\u00f1os de divertirse sanamente; se\u00f1alando que, el evento se celebra a\u00f1o con a\u00f1o dentro del marco de respeto y la igualdad.<\/p>\n\n\n\n<p>Con ello, dijo que, se busca que los alumnos tengan la oportunidad de socializarse; estos eventos se llevan a cabo en todas las secundarias generales desde ya hace muchos a\u00f1os.<\/p>\n\n\n\n<p>Jorge Arturo Rocha Reyes hizo un llamado a los padres de familia para que apoyen las actividades y de esta manera, los alumnos tengan una parte o una capsula de felicidad, la escuela los absorbe e implica cierto esfuerzo; por ello, se pide que se apoye a estos ni\u00f1os para que puedan relajar un poco la cotidianidad.<\/p>\n\n\n\n<p><\/p>\n","protected":false},"excerpt":{"rendered":"<p>Por Enedino Hern\u00e1ndez\/Zunoticia Huejutla, Hgo.- El 14 de febrero en el sistema de Secundarias Generales de Hidalgo se celebra el D\u00eda del Estudiante, motivo por el cual ya se llevan a cabo los preparativos necesarios para realizar diversas actividades en el plantel educativo, as\u00ed lo confirm\u00f3 el director de la Escuela Secundaria General N\u00famero dos&hellip; <a class=\"more-link\" href=\"https:\/\/www.zunoticia.com\/noticias-de-hidalgo\/2024\/02\/10\/celebraran-en-la-secundaria-general-2-el-dia-del-estudiante\/\">Seguir leyendo <span class=\"screen-reader-text\">Celebrar\u00e1n en la Secundaria General 2 el \u201cD\u00eda del Estudiante\u201d<\/span><\/a><\/p>\n","protected":false},"author":20,"featured_media":526253,"comment_status":"open","ping_status":"open","sticky":false,"template":"","format":"standard","meta":{"rop_custom_images_group":[],"rop_custom_messages_group":[],"rop_publish_now":"initial","rop_publish_now_accounts":{"facebook_10159540855086992_322828327761733":""},"rop_publish_now_history":[],"rop_publish_now_status":"pending","footnotes":""},"categories":[181],"tags":[121],"class_list":["post-526252","post","type-post","status-publish","format-standard","has-post-thumbnail","hentry","category-huejutla","tag-huejutla","entry"],"_links":{"self":[{"href":"https:\/\/www.zunoticia.com\/noticias-de-hidalgo\/wp-json\/wp\/v2\/posts\/526252","targetHints":{"allow":["GET"]}}],"collection":[{"href":"https:\/\/www.zunoticia.com\/noticias-de-hidalgo\/wp-json\/wp\/v2\/posts"}],"about":[{"href":"https:\/\/www.zunoticia.com\/noticias-de-hidalgo\/wp-json\/wp\/v2\/types\/post"}],"author":[{"embeddable":true,"href":"https:\/\/www.zunoticia.com\/noticias-de-hidalgo\/wp-json\/wp\/v2\/users\/20"}],"replies":[{"embeddable":true,"href":"https:\/\/www.zunoticia.com\/noticias-de-hidalgo\/wp-json\/wp\/v2\/comments?post=526252"}],"version-history":[{"count":1,"href":"https:\/\/www.zunoticia.com\/noticias-de-hidalgo\/wp-json\/wp\/v2\/posts\/526252\/revisions"}],"predecessor-version":[{"id":526254,"href":"https:\/\/www.zunoticia.com\/noticias-de-hidalgo\/wp-json\/wp\/v2\/posts\/526252\/revisions\/526254"}],"wp:featuredmedia":[{"embeddable":true,"href":"https:\/\/www.zunoticia.com\/noticias-de-hidalgo\/wp-json\/wp\/v2\/media\/526253"}],"wp:attachment":[{"href":"https:\/\/www.zunoticia.com\/noticias-de-hidalgo\/wp-json\/wp\/v2\/media?parent=526252"}],"wp:term":[{"taxonomy":"category","embeddable":true,"href":"https:\/\/www.zunoticia.com\/noticias-de-hidalgo\/wp-json\/wp\/v2\/categories?post=526252"},{"taxonomy":"post_tag","embeddable":true,"href":"https:\/\/www.zunoticia.com\/noticias-de-hidalgo\/wp-json\/wp\/v2\/tags?post=526252"}],"curies":[{"name":"wp","href":"https:\/\/api.w.org\/{rel}","templated":true}]}}