{"id":526270,"date":"2024-02-10T18:44:57","date_gmt":"2024-02-11T00:44:57","guid":{"rendered":"https:\/\/www.zunoticia.com\/noticias-de-hidalgo\/?p=526270"},"modified":"2024-02-10T18:47:56","modified_gmt":"2024-02-11T00:47:56","slug":"infraccionan-a-motociclista-por-no-portar-casco","status":"publish","type":"post","link":"https:\/\/www.zunoticia.com\/noticias-de-hidalgo\/2024\/02\/10\/infraccionan-a-motociclista-por-no-portar-casco\/","title":{"rendered":"Infraccionan a motociclista por no portar casco"},"content":{"rendered":"<aside class=\"mashsb-container mashsb-main mashsb-stretched\"><div class=\"mashsb-box\"><div class=\"mashsb-count mash-large\" style=\"float:left\"><div class=\"counts mashsbcount\">31<\/div><span class=\"mashsb-sharetext\">SHARES<\/span><\/div><div class=\"mashsb-buttons\"><a class=\"mashicon-facebook mash-large mash-center mashsb-noshadow\" href=\"https:\/\/www.facebook.com\/sharer.php?u=https%3A%2F%2Fwww.zunoticia.com%2Fnoticias-de-hidalgo%2F2024%2F02%2F10%2Finfraccionan-a-motociclista-por-no-portar-casco%2F\" target=\"_top\" rel=\"nofollow\"><span class=\"icon\"><\/span><span class=\"text\">Share<\/span><\/a><a class=\"mashicon-twitter mash-large mash-center mashsb-noshadow\" href=\"https:\/\/twitter.com\/intent\/tweet?text=&amp;url=https:\/\/www.zunoticia.com\/noticias-de-hidalgo\/2024\/02\/10\/infraccionan-a-motociclista-por-no-portar-casco\/\" target=\"_top\" rel=\"nofollow\"><span class=\"icon\"><\/span><span class=\"text\">Tweet<\/span><\/a><div class=\"onoffswitch2 mash-large mashsb-noshadow\" style=\"display:none\"><\/div><\/div>\n            <\/div>\n                <div style=\"clear:both\"><\/div><div class=\"mashsb-toggle-container\"><\/div><\/aside>\n            <!-- Share buttons by mashshare.net - Version: 4.0.47-->\n<p><em>Por Roberto Meza\/Zunoticia<\/em><\/p>\n\n\n\n<p><strong>Huejutla, Hgo<\/strong>. &#8211; En un recorrido que realizaban elementos de Tr\u00e1nsito Municipal, requirieron a una persona del sexo masculino y su acompa\u00f1ante, ya que ambos no portaban el casco protector al viajar en una motocicleta, por lo que fue infraccionado conforme al Bando de polic\u00eda y buen gobierno.<\/p>\n\n\n\n<p>Fue la tarde de este s\u00e1bado, sobre la avenida Nuevo Le\u00f3n, en donde al motociclista le hicieron el alto por no portar su casco protector; en el lugar un oficial le hizo saber en las faltas administrativas que hab\u00eda incurrido, siendo infraccionado como corresponde a este tipo de casos.<\/p>\n\n\n\n<p>El motorista coment\u00f3 que sali\u00f3 r\u00e1pido de su domicilio y se le olvid\u00f3 portar su implement\u00f3 protector, al entregarle su recibo de infracci\u00f3n se retir\u00f3 del lugar. Elementos de Tr\u00e1nsito Municipal informaron que llevan recorridos para detectar este tipo de casos, por eso es necesario que los motociclistas porten su casco de seguridad y eviten ser infraccionados.<\/p>\n\n\n\n<p><\/p>\n","protected":false},"excerpt":{"rendered":"<p>Por Roberto Meza\/Zunoticia Huejutla, Hgo. &#8211; En un recorrido que realizaban elementos de Tr\u00e1nsito Municipal, requirieron a una persona del sexo masculino y su acompa\u00f1ante, ya que ambos no portaban el casco protector al viajar en una motocicleta, por lo que fue infraccionado conforme al Bando de polic\u00eda y buen gobierno. Fue la tarde de&hellip; <a class=\"more-link\" href=\"https:\/\/www.zunoticia.com\/noticias-de-hidalgo\/2024\/02\/10\/infraccionan-a-motociclista-por-no-portar-casco\/\">Seguir leyendo <span class=\"screen-reader-text\">Infraccionan a motociclista por no portar casco<\/span><\/a><\/p>\n","protected":false},"author":20,"featured_media":526271,"comment_status":"open","ping_status":"open","sticky":false,"template":"","format":"standard","meta":{"rop_custom_images_group":[],"rop_custom_messages_group":[],"rop_publish_now":"initial","rop_publish_now_accounts":{"facebook_10159540855086992_322828327761733":""},"rop_publish_now_history":[],"rop_publish_now_status":"pending","footnotes":""},"categories":[178],"tags":[259],"class_list":["post-526270","post","type-post","status-publish","format-standard","has-post-thumbnail","hentry","category-policiaca","tag-policiaca","entry"],"_links":{"self":[{"href":"https:\/\/www.zunoticia.com\/noticias-de-hidalgo\/wp-json\/wp\/v2\/posts\/526270","targetHints":{"allow":["GET"]}}],"collection":[{"href":"https:\/\/www.zunoticia.com\/noticias-de-hidalgo\/wp-json\/wp\/v2\/posts"}],"about":[{"href":"https:\/\/www.zunoticia.com\/noticias-de-hidalgo\/wp-json\/wp\/v2\/types\/post"}],"author":[{"embeddable":true,"href":"https:\/\/www.zunoticia.com\/noticias-de-hidalgo\/wp-json\/wp\/v2\/users\/20"}],"replies":[{"embeddable":true,"href":"https:\/\/www.zunoticia.com\/noticias-de-hidalgo\/wp-json\/wp\/v2\/comments?post=526270"}],"version-history":[{"count":2,"href":"https:\/\/www.zunoticia.com\/noticias-de-hidalgo\/wp-json\/wp\/v2\/posts\/526270\/revisions"}],"predecessor-version":[{"id":526273,"href":"https:\/\/www.zunoticia.com\/noticias-de-hidalgo\/wp-json\/wp\/v2\/posts\/526270\/revisions\/526273"}],"wp:featuredmedia":[{"embeddable":true,"href":"https:\/\/www.zunoticia.com\/noticias-de-hidalgo\/wp-json\/wp\/v2\/media\/526271"}],"wp:attachment":[{"href":"https:\/\/www.zunoticia.com\/noticias-de-hidalgo\/wp-json\/wp\/v2\/media?parent=526270"}],"wp:term":[{"taxonomy":"category","embeddable":true,"href":"https:\/\/www.zunoticia.com\/noticias-de-hidalgo\/wp-json\/wp\/v2\/categories?post=526270"},{"taxonomy":"post_tag","embeddable":true,"href":"https:\/\/www.zunoticia.com\/noticias-de-hidalgo\/wp-json\/wp\/v2\/tags?post=526270"}],"curies":[{"name":"wp","href":"https:\/\/api.w.org\/{rel}","templated":true}]}}