{"id":526351,"date":"2024-02-11T19:21:32","date_gmt":"2024-02-12T01:21:32","guid":{"rendered":"https:\/\/www.zunoticia.com\/noticias-de-hidalgo\/?p=526351"},"modified":"2024-02-11T19:21:35","modified_gmt":"2024-02-12T01:21:35","slug":"habitantes-de-la-cerecedo-estrada-temerosos-por-posible-derrumbe-de-arbol","status":"publish","type":"post","link":"https:\/\/www.zunoticia.com\/noticias-de-hidalgo\/2024\/02\/11\/habitantes-de-la-cerecedo-estrada-temerosos-por-posible-derrumbe-de-arbol\/","title":{"rendered":"Habitantes de la Cerecedo Estrada temerosos por posible derrumbe de \u00e1rbol"},"content":{"rendered":"<aside class=\"mashsb-container mashsb-main mashsb-stretched\"><div class=\"mashsb-box\"><div class=\"mashsb-count mash-large\" style=\"float:left\"><div class=\"counts mashsbcount\">4<\/div><span class=\"mashsb-sharetext\">SHARES<\/span><\/div><div class=\"mashsb-buttons\"><a class=\"mashicon-facebook mash-large mash-center mashsb-noshadow\" href=\"https:\/\/www.facebook.com\/sharer.php?u=https%3A%2F%2Fwww.zunoticia.com%2Fnoticias-de-hidalgo%2F2024%2F02%2F11%2Fhabitantes-de-la-cerecedo-estrada-temerosos-por-posible-derrumbe-de-arbol%2F\" target=\"_top\" rel=\"nofollow\"><span class=\"icon\"><\/span><span class=\"text\">Share<\/span><\/a><a class=\"mashicon-twitter mash-large mash-center mashsb-noshadow\" href=\"https:\/\/twitter.com\/intent\/tweet?text=&amp;url=https:\/\/www.zunoticia.com\/noticias-de-hidalgo\/2024\/02\/11\/habitantes-de-la-cerecedo-estrada-temerosos-por-posible-derrumbe-de-arbol\/\" target=\"_top\" rel=\"nofollow\"><span class=\"icon\"><\/span><span class=\"text\">Tweet<\/span><\/a><div class=\"onoffswitch2 mash-large mashsb-noshadow\" style=\"display:none\"><\/div><\/div>\n            <\/div>\n                <div style=\"clear:both\"><\/div><div class=\"mashsb-toggle-container\"><\/div><\/aside>\n            <!-- Share buttons by mashshare.net - Version: 4.0.47-->\n<p><em>Por Salvador Altamirano\/Zunoticia<\/em><\/p>\n\n\n\n<p><strong>Huejutla, Hgo.-<\/strong> Habitantes de la Colonia Cerecedo Estrada, concretamente residentes en la Calle Sur Uno, manifestaron que, a pocos metros del entronque con la Avenida Campeche, hay un alto y frondoso \u00e1rbol, cuyo grueso tronco est\u00e1 a medio talar.<\/p>\n\n\n\n<p>Agregaron que, por tal motivo, en las temporadas de huracanes les invade el temor de que un fuerte viento lo vaya a derrumbar, y por su gran altura y pesor, caiga sobre una de las viviendas inmediatas y cause una tragedia.<\/p>\n\n\n\n<figure class=\"wp-block-image size-full\"><img fetchpriority=\"high\" decoding=\"async\" width=\"1600\" height=\"1200\" src=\"https:\/\/www.zunoticia.com\/noticias-de-hidalgo\/wp-content\/uploads\/2024\/02\/eZy-Watermark_11-02-2024_04-32-46-4520p.m.jpg\" alt=\"\" class=\"wp-image-526347\"\/><\/figure>\n\n\n\n<p>Refirieron que, hace alg\u00fan tiempo un vecino intent\u00f3 talarlo, para cuyo efecto le propin\u00f3 hachazos al tronco, pero al comprender que no ten\u00eda ni las herramientas ni la experiencia necesaria, se arrepinti\u00f3 y desisti\u00f3 de su prop\u00f3sito, pero dej\u00f3 el tronco medio cortado.<\/p>\n\n\n\n<p>Para finalizar, comentaron que, aunque el tronco a\u00fan conserva el 70 % de su grosor, es latente el riesgo de que lo derrumbe un fuerte ventarr\u00f3n, de esos que incluso arrancan \u00e1rboles, por lo que solicitan que se tale, ya que ha da\u00f1ado banquetas.<\/p>\n","protected":false},"excerpt":{"rendered":"<p>Por Salvador Altamirano\/Zunoticia Huejutla, Hgo.- Habitantes de la Colonia Cerecedo Estrada, concretamente residentes en la Calle Sur Uno, manifestaron que, a pocos metros del entronque con la Avenida Campeche, hay un alto y frondoso \u00e1rbol, cuyo grueso tronco est\u00e1 a medio talar. Agregaron que, por tal motivo, en las temporadas de huracanes les invade el&hellip; <a class=\"more-link\" href=\"https:\/\/www.zunoticia.com\/noticias-de-hidalgo\/2024\/02\/11\/habitantes-de-la-cerecedo-estrada-temerosos-por-posible-derrumbe-de-arbol\/\">Seguir leyendo <span class=\"screen-reader-text\">Habitantes de la Cerecedo Estrada temerosos por posible derrumbe de \u00e1rbol<\/span><\/a><\/p>\n","protected":false},"author":12,"featured_media":526346,"comment_status":"open","ping_status":"open","sticky":false,"template":"","format":"standard","meta":{"rop_custom_images_group":[],"rop_custom_messages_group":[],"rop_publish_now":"initial","rop_publish_now_accounts":{"facebook_10159540855086992_322828327761733":""},"rop_publish_now_history":[],"rop_publish_now_status":"pending","footnotes":""},"categories":[181],"tags":[121],"class_list":["post-526351","post","type-post","status-publish","format-standard","has-post-thumbnail","hentry","category-huejutla","tag-huejutla","entry"],"_links":{"self":[{"href":"https:\/\/www.zunoticia.com\/noticias-de-hidalgo\/wp-json\/wp\/v2\/posts\/526351","targetHints":{"allow":["GET"]}}],"collection":[{"href":"https:\/\/www.zunoticia.com\/noticias-de-hidalgo\/wp-json\/wp\/v2\/posts"}],"about":[{"href":"https:\/\/www.zunoticia.com\/noticias-de-hidalgo\/wp-json\/wp\/v2\/types\/post"}],"author":[{"embeddable":true,"href":"https:\/\/www.zunoticia.com\/noticias-de-hidalgo\/wp-json\/wp\/v2\/users\/12"}],"replies":[{"embeddable":true,"href":"https:\/\/www.zunoticia.com\/noticias-de-hidalgo\/wp-json\/wp\/v2\/comments?post=526351"}],"version-history":[{"count":1,"href":"https:\/\/www.zunoticia.com\/noticias-de-hidalgo\/wp-json\/wp\/v2\/posts\/526351\/revisions"}],"predecessor-version":[{"id":526352,"href":"https:\/\/www.zunoticia.com\/noticias-de-hidalgo\/wp-json\/wp\/v2\/posts\/526351\/revisions\/526352"}],"wp:featuredmedia":[{"embeddable":true,"href":"https:\/\/www.zunoticia.com\/noticias-de-hidalgo\/wp-json\/wp\/v2\/media\/526346"}],"wp:attachment":[{"href":"https:\/\/www.zunoticia.com\/noticias-de-hidalgo\/wp-json\/wp\/v2\/media?parent=526351"}],"wp:term":[{"taxonomy":"category","embeddable":true,"href":"https:\/\/www.zunoticia.com\/noticias-de-hidalgo\/wp-json\/wp\/v2\/categories?post=526351"},{"taxonomy":"post_tag","embeddable":true,"href":"https:\/\/www.zunoticia.com\/noticias-de-hidalgo\/wp-json\/wp\/v2\/tags?post=526351"}],"curies":[{"name":"wp","href":"https:\/\/api.w.org\/{rel}","templated":true}]}}