{"id":528537,"date":"2024-02-24T13:54:25","date_gmt":"2024-02-24T19:54:25","guid":{"rendered":"https:\/\/www.zunoticia.com\/noticias-de-hidalgo\/?p=528537"},"modified":"2024-02-24T13:54:28","modified_gmt":"2024-02-24T19:54:28","slug":"realizan-corte-del-liston-inaugural-de-la-expo-artesanal-en-huejutla","status":"publish","type":"post","link":"https:\/\/www.zunoticia.com\/noticias-de-hidalgo\/2024\/02\/24\/realizan-corte-del-liston-inaugural-de-la-expo-artesanal-en-huejutla\/","title":{"rendered":"Realizan corte del list\u00f3n inaugural de la Expo artesanal en Huejutla"},"content":{"rendered":"<aside class=\"mashsb-container mashsb-main mashsb-stretched\"><div class=\"mashsb-box\"><div class=\"mashsb-count mash-large\" style=\"float:left\"><div class=\"counts mashsbcount\">0<\/div><span class=\"mashsb-sharetext\">SHARES<\/span><\/div><div class=\"mashsb-buttons\"><a class=\"mashicon-facebook mash-large mash-center mashsb-noshadow\" href=\"https:\/\/www.facebook.com\/sharer.php?u=https%3A%2F%2Fwww.zunoticia.com%2Fnoticias-de-hidalgo%2F2024%2F02%2F24%2Frealizan-corte-del-liston-inaugural-de-la-expo-artesanal-en-huejutla%2F\" target=\"_top\" rel=\"nofollow\"><span class=\"icon\"><\/span><span class=\"text\">Share<\/span><\/a><a class=\"mashicon-twitter mash-large mash-center mashsb-noshadow\" href=\"https:\/\/twitter.com\/intent\/tweet?text=&amp;url=https:\/\/www.zunoticia.com\/noticias-de-hidalgo\/2024\/02\/24\/realizan-corte-del-liston-inaugural-de-la-expo-artesanal-en-huejutla\/\" target=\"_top\" rel=\"nofollow\"><span class=\"icon\"><\/span><span class=\"text\">Tweet<\/span><\/a><div class=\"onoffswitch2 mash-large mashsb-noshadow\" style=\"display:none\"><\/div><\/div>\n            <\/div>\n                <div style=\"clear:both\"><\/div><div class=\"mashsb-toggle-container\"><\/div><\/aside>\n            <!-- Share buttons by mashshare.net - Version: 4.0.47-->\n<p><em>Por Enedino Hern\u00e1ndez\/Zunoticia<\/em><\/p>\n\n\n\n<p><strong>Huejutla, Hgo<\/strong>.- El director de Desarrollo Humano de la presidencia municipal de Huejutla, Sotero Ram\u00edrez, acompa\u00f1ado del director de Reglamentos, Miguel \u00c1ngel Vargas Castel\u00e1n, realizaron el corte de list\u00f3n de la Expo artesanal en Huejutla que se realiza en la plaza 21 de Mayo.<\/p>\n\n\n\n<p>Es importante se\u00f1alar que, la Expo artesanal de Oaxaca en esta ciudad de Huejutla se lleva a cabo desde el 23 de febrero al 3 de marzo, en la plaza 21 de Mayo.<\/p>\n\n\n\n<p>Durante estos d\u00edas la poblaci\u00f3n en general podr\u00e1 disfrutar de m\u00fasica, bailes y gastronom\u00eda del estado de Oaxaca. En la plaza 21 de Mayo se tiene una expo venta artesanal y gastron\u00f3mica, en donde adem\u00e1s se tendr\u00e1 la presentaci\u00f3n del espect\u00e1culo de la &#8220;Guelaguetza&#8221; que es la m\u00e1xima expresi\u00f3n cultural en dicha entidad.<\/p>\n\n\n\n<p>Asimismo, se destaca que la presencia del folclor oaxaque\u00f1o en esta zona de la huasteca se debe a la coordinaci\u00f3n de esfuerzos entre el gobierno municipal que encabeza el alcalde Daniel Andrade y el Grupo Artesanal Manos con Arte y el Ballet Folcl\u00f3rico Zimati\u00e1n.<\/p>\n\n\n\n<p>Las danzas, seg\u00fan se programa, se llevar\u00e1n a cabo en la plaza 21 de Mayo los d\u00edas 24 y 25 de febrero, lugar en donde adem\u00e1s de la presentaci\u00f3n de grupos de baile, los asistentes podr\u00e1n recorrer los stands de venta de artesan\u00edas y productos t\u00edpicos.<\/p>\n\n\n\n<figure class=\"wp-block-gallery has-nested-images columns-default is-cropped wp-block-gallery-1 is-layout-flex wp-block-gallery-is-layout-flex\">\n<figure class=\"wp-block-image size-large\"><img fetchpriority=\"high\" decoding=\"async\" width=\"933\" height=\"524\" data-id=\"528539\" src=\"https:\/\/www.zunoticia.com\/noticias-de-hidalgo\/wp-content\/uploads\/2024\/02\/Zunoticia-Huejutla-2-39.png\" alt=\"\" class=\"wp-image-528539\"\/><\/figure>\n\n\n\n<figure class=\"wp-block-image size-large\"><img decoding=\"async\" width=\"933\" height=\"524\" data-id=\"528540\" src=\"https:\/\/www.zunoticia.com\/noticias-de-hidalgo\/wp-content\/uploads\/2024\/02\/Zunoticia-Huejutla-1-94.png\" alt=\"\" class=\"wp-image-528540\"\/><\/figure>\n<\/figure>\n","protected":false},"excerpt":{"rendered":"<p>Por Enedino Hern\u00e1ndez\/Zunoticia Huejutla, Hgo.- El director de Desarrollo Humano de la presidencia municipal de Huejutla, Sotero Ram\u00edrez, acompa\u00f1ado del director de Reglamentos, Miguel \u00c1ngel Vargas Castel\u00e1n, realizaron el corte de list\u00f3n de la Expo artesanal en Huejutla que se realiza en la plaza 21 de Mayo. Es importante se\u00f1alar que, la Expo artesanal de&hellip; <a class=\"more-link\" href=\"https:\/\/www.zunoticia.com\/noticias-de-hidalgo\/2024\/02\/24\/realizan-corte-del-liston-inaugural-de-la-expo-artesanal-en-huejutla\/\">Seguir leyendo <span class=\"screen-reader-text\">Realizan corte del list\u00f3n inaugural de la Expo artesanal en Huejutla<\/span><\/a><\/p>\n","protected":false},"author":20,"featured_media":528538,"comment_status":"open","ping_status":"open","sticky":false,"template":"","format":"standard","meta":{"rop_custom_images_group":[],"rop_custom_messages_group":[],"rop_publish_now":"initial","rop_publish_now_accounts":{"facebook_10159540855086992_322828327761733":""},"rop_publish_now_history":[],"rop_publish_now_status":"pending","footnotes":""},"categories":[181],"tags":[121],"class_list":["post-528537","post","type-post","status-publish","format-standard","has-post-thumbnail","hentry","category-huejutla","tag-huejutla","entry"],"_links":{"self":[{"href":"https:\/\/www.zunoticia.com\/noticias-de-hidalgo\/wp-json\/wp\/v2\/posts\/528537","targetHints":{"allow":["GET"]}}],"collection":[{"href":"https:\/\/www.zunoticia.com\/noticias-de-hidalgo\/wp-json\/wp\/v2\/posts"}],"about":[{"href":"https:\/\/www.zunoticia.com\/noticias-de-hidalgo\/wp-json\/wp\/v2\/types\/post"}],"author":[{"embeddable":true,"href":"https:\/\/www.zunoticia.com\/noticias-de-hidalgo\/wp-json\/wp\/v2\/users\/20"}],"replies":[{"embeddable":true,"href":"https:\/\/www.zunoticia.com\/noticias-de-hidalgo\/wp-json\/wp\/v2\/comments?post=528537"}],"version-history":[{"count":1,"href":"https:\/\/www.zunoticia.com\/noticias-de-hidalgo\/wp-json\/wp\/v2\/posts\/528537\/revisions"}],"predecessor-version":[{"id":528541,"href":"https:\/\/www.zunoticia.com\/noticias-de-hidalgo\/wp-json\/wp\/v2\/posts\/528537\/revisions\/528541"}],"wp:featuredmedia":[{"embeddable":true,"href":"https:\/\/www.zunoticia.com\/noticias-de-hidalgo\/wp-json\/wp\/v2\/media\/528538"}],"wp:attachment":[{"href":"https:\/\/www.zunoticia.com\/noticias-de-hidalgo\/wp-json\/wp\/v2\/media?parent=528537"}],"wp:term":[{"taxonomy":"category","embeddable":true,"href":"https:\/\/www.zunoticia.com\/noticias-de-hidalgo\/wp-json\/wp\/v2\/categories?post=528537"},{"taxonomy":"post_tag","embeddable":true,"href":"https:\/\/www.zunoticia.com\/noticias-de-hidalgo\/wp-json\/wp\/v2\/tags?post=528537"}],"curies":[{"name":"wp","href":"https:\/\/api.w.org\/{rel}","templated":true}]}}