{"id":528547,"date":"2024-02-24T14:23:04","date_gmt":"2024-02-24T20:23:04","guid":{"rendered":"https:\/\/www.zunoticia.com\/noticias-de-hidalgo\/?p=528547"},"modified":"2024-02-24T14:23:07","modified_gmt":"2024-02-24T20:23:07","slug":"ayuntamiento-conmemoro-el-84-aniversario-del-dia-de-la-bandera-nacional","status":"publish","type":"post","link":"https:\/\/www.zunoticia.com\/noticias-de-hidalgo\/2024\/02\/24\/ayuntamiento-conmemoro-el-84-aniversario-del-dia-de-la-bandera-nacional\/","title":{"rendered":"Ayuntamiento conmemor\u00f3 el 84 aniversario del &#8220;D\u00eda de la Bandera Nacional&#8221;"},"content":{"rendered":"<aside class=\"mashsb-container mashsb-main mashsb-stretched\"><div class=\"mashsb-box\"><div class=\"mashsb-count mash-large\" style=\"float:left\"><div class=\"counts mashsbcount\">1<\/div><span class=\"mashsb-sharetext\">SHARES<\/span><\/div><div class=\"mashsb-buttons\"><a class=\"mashicon-facebook mash-large mash-center mashsb-noshadow\" href=\"https:\/\/www.facebook.com\/sharer.php?u=https%3A%2F%2Fwww.zunoticia.com%2Fnoticias-de-hidalgo%2F2024%2F02%2F24%2Fayuntamiento-conmemoro-el-84-aniversario-del-dia-de-la-bandera-nacional%2F\" target=\"_top\" rel=\"nofollow\"><span class=\"icon\"><\/span><span class=\"text\">Share<\/span><\/a><a class=\"mashicon-twitter mash-large mash-center mashsb-noshadow\" href=\"https:\/\/twitter.com\/intent\/tweet?text=&amp;url=https:\/\/www.zunoticia.com\/noticias-de-hidalgo\/2024\/02\/24\/ayuntamiento-conmemoro-el-84-aniversario-del-dia-de-la-bandera-nacional\/\" target=\"_top\" rel=\"nofollow\"><span class=\"icon\"><\/span><span class=\"text\">Tweet<\/span><\/a><div class=\"onoffswitch2 mash-large mashsb-noshadow\" style=\"display:none\"><\/div><\/div>\n            <\/div>\n                <div style=\"clear:both\"><\/div><div class=\"mashsb-toggle-container\"><\/div><\/aside>\n            <!-- Share buttons by mashshare.net - Version: 4.0.47-->\n<p><em>Por Salvador Altamirano\/Zunoticia<\/em><\/p>\n\n\n\n<p><strong>Huejutla, Hgo.-<\/strong> El ayuntamiento que preside Daniel Andrade Zurutuza, conmemor\u00f3 la ma\u00f1ana de este s\u00e1bado el 84 aniversario del &#8220;D\u00eda de la Bandera de M\u00e9xico&#8221;, decretado el 24 de febrero de 1934.<\/p>\n\n\n\n<p>El emotivo acto c\u00edvico, tuvo efecto a las 08:00 horas, en las instalaciones de la &#8220;Escuela Primaria Capit\u00e1n Antonio Reyes&#8221;, de la colonia del mismo nombre, cuyo director es el profesor Alejandro Mendoza Castel\u00e1n, por lo que fueron alumnos de la escolta, de la instituci\u00f3n educativa, quienes portaron el L\u00e1baro Patrio que entregaron al mandatario municipal para su consiguiente izamiento.<\/p>\n\n\n\n<p>Correspondi\u00f3 al titular de la dependencia de Educaci\u00f3n Municipal, Leoncio Villegas, dar lectura a la rese\u00f1a hist\u00f3rica, quien detall\u00f3 que seg\u00fan los antecedentes, en 1821 con la declaraci\u00f3n del &#8220;Plan de Iguala&#8221;, la bandera fue dise\u00f1ada con los principios independentistas: religi\u00f3n, independencia y uni\u00f3n.<\/p>\n\n\n\n<figure class=\"wp-block-image size-full\"><img fetchpriority=\"high\" decoding=\"async\" width=\"933\" height=\"524\" src=\"https:\/\/www.zunoticia.com\/noticias-de-hidalgo\/wp-content\/uploads\/2024\/02\/Zunoticia-Huejutla-1-96.png\" alt=\"\" class=\"wp-image-528550\"\/><\/figure>\n\n\n\n<p>Subray\u00f3 que, los mexicanos desde peque\u00f1os saben de la patria a trav\u00e9s de la bandera, la cual representa verdaderamente la identidad que tanto reclama el pueblo de M\u00e9xico. Este s\u00edmbolo -acentu\u00f3-, sin duda es la parte esencial de lo que es nuestro, de lo que vamos necesitando y creando a trav\u00e9s de los a\u00f1os.<\/p>\n\n\n\n<p>Al evento conmemorativo, que como todo acto c\u00edvico inici\u00f3 con la entonaci\u00f3n del Himno Nacional, acudi\u00f3 el mandatario municipal, funcionarios de su gabinete y personal en pleno al servicio del municipio.<\/p>\n\n\n\n<figure class=\"wp-block-image size-full\"><img decoding=\"async\" width=\"933\" height=\"524\" src=\"https:\/\/www.zunoticia.com\/noticias-de-hidalgo\/wp-content\/uploads\/2024\/02\/Zunoticia-Huejutla-2-41.png\" alt=\"\" class=\"wp-image-528549\"\/><\/figure>\n","protected":false},"excerpt":{"rendered":"<p>Por Salvador Altamirano\/Zunoticia Huejutla, Hgo.- El ayuntamiento que preside Daniel Andrade Zurutuza, conmemor\u00f3 la ma\u00f1ana de este s\u00e1bado el 84 aniversario del &#8220;D\u00eda de la Bandera de M\u00e9xico&#8221;, decretado el 24 de febrero de 1934. El emotivo acto c\u00edvico, tuvo efecto a las 08:00 horas, en las instalaciones de la &#8220;Escuela Primaria Capit\u00e1n Antonio Reyes&#8221;,&hellip; <a class=\"more-link\" href=\"https:\/\/www.zunoticia.com\/noticias-de-hidalgo\/2024\/02\/24\/ayuntamiento-conmemoro-el-84-aniversario-del-dia-de-la-bandera-nacional\/\">Seguir leyendo <span class=\"screen-reader-text\">Ayuntamiento conmemor\u00f3 el 84 aniversario del &#8220;D\u00eda de la Bandera Nacional&#8221;<\/span><\/a><\/p>\n","protected":false},"author":20,"featured_media":528548,"comment_status":"open","ping_status":"open","sticky":false,"template":"","format":"standard","meta":{"rop_custom_images_group":[],"rop_custom_messages_group":[],"rop_publish_now":"initial","rop_publish_now_accounts":{"facebook_10159540855086992_322828327761733":""},"rop_publish_now_history":[],"rop_publish_now_status":"pending","footnotes":""},"categories":[181],"tags":[121],"class_list":["post-528547","post","type-post","status-publish","format-standard","has-post-thumbnail","hentry","category-huejutla","tag-huejutla","entry"],"_links":{"self":[{"href":"https:\/\/www.zunoticia.com\/noticias-de-hidalgo\/wp-json\/wp\/v2\/posts\/528547","targetHints":{"allow":["GET"]}}],"collection":[{"href":"https:\/\/www.zunoticia.com\/noticias-de-hidalgo\/wp-json\/wp\/v2\/posts"}],"about":[{"href":"https:\/\/www.zunoticia.com\/noticias-de-hidalgo\/wp-json\/wp\/v2\/types\/post"}],"author":[{"embeddable":true,"href":"https:\/\/www.zunoticia.com\/noticias-de-hidalgo\/wp-json\/wp\/v2\/users\/20"}],"replies":[{"embeddable":true,"href":"https:\/\/www.zunoticia.com\/noticias-de-hidalgo\/wp-json\/wp\/v2\/comments?post=528547"}],"version-history":[{"count":1,"href":"https:\/\/www.zunoticia.com\/noticias-de-hidalgo\/wp-json\/wp\/v2\/posts\/528547\/revisions"}],"predecessor-version":[{"id":528551,"href":"https:\/\/www.zunoticia.com\/noticias-de-hidalgo\/wp-json\/wp\/v2\/posts\/528547\/revisions\/528551"}],"wp:featuredmedia":[{"embeddable":true,"href":"https:\/\/www.zunoticia.com\/noticias-de-hidalgo\/wp-json\/wp\/v2\/media\/528548"}],"wp:attachment":[{"href":"https:\/\/www.zunoticia.com\/noticias-de-hidalgo\/wp-json\/wp\/v2\/media?parent=528547"}],"wp:term":[{"taxonomy":"category","embeddable":true,"href":"https:\/\/www.zunoticia.com\/noticias-de-hidalgo\/wp-json\/wp\/v2\/categories?post=528547"},{"taxonomy":"post_tag","embeddable":true,"href":"https:\/\/www.zunoticia.com\/noticias-de-hidalgo\/wp-json\/wp\/v2\/tags?post=528547"}],"curies":[{"name":"wp","href":"https:\/\/api.w.org\/{rel}","templated":true}]}}