{"id":528555,"date":"2024-02-24T14:57:01","date_gmt":"2024-02-24T20:57:01","guid":{"rendered":"https:\/\/www.zunoticia.com\/noticias-de-hidalgo\/?p=528555"},"modified":"2024-02-24T14:57:04","modified_gmt":"2024-02-24T20:57:04","slug":"radiodifusora-de-la-uaeh-entrego-reconocimiento-al-fundador-del-trio-alegria-huautlense","status":"publish","type":"post","link":"https:\/\/www.zunoticia.com\/noticias-de-hidalgo\/2024\/02\/24\/radiodifusora-de-la-uaeh-entrego-reconocimiento-al-fundador-del-trio-alegria-huautlense\/","title":{"rendered":"Radiodifusora de la UAEH entreg\u00f3 reconocimiento al fundador del &#8220;Tr\u00edo Alegr\u00eda Huautlense&#8221;"},"content":{"rendered":"<aside class=\"mashsb-container mashsb-main mashsb-stretched\"><div class=\"mashsb-box\"><div class=\"mashsb-count mash-large\" style=\"float:left\"><div class=\"counts mashsbcount\">18<\/div><span class=\"mashsb-sharetext\">SHARES<\/span><\/div><div class=\"mashsb-buttons\"><a class=\"mashicon-facebook mash-large mash-center mashsb-noshadow\" href=\"https:\/\/www.facebook.com\/sharer.php?u=https%3A%2F%2Fwww.zunoticia.com%2Fnoticias-de-hidalgo%2F2024%2F02%2F24%2Fradiodifusora-de-la-uaeh-entrego-reconocimiento-al-fundador-del-trio-alegria-huautlense%2F\" target=\"_top\" rel=\"nofollow\"><span class=\"icon\"><\/span><span class=\"text\">Share<\/span><\/a><a class=\"mashicon-twitter mash-large mash-center mashsb-noshadow\" href=\"https:\/\/twitter.com\/intent\/tweet?text=&amp;url=https:\/\/www.zunoticia.com\/noticias-de-hidalgo\/2024\/02\/24\/radiodifusora-de-la-uaeh-entrego-reconocimiento-al-fundador-del-trio-alegria-huautlense\/\" target=\"_top\" rel=\"nofollow\"><span class=\"icon\"><\/span><span class=\"text\">Tweet<\/span><\/a><div class=\"onoffswitch2 mash-large mashsb-noshadow\" style=\"display:none\"><\/div><\/div>\n            <\/div>\n                <div style=\"clear:both\"><\/div><div class=\"mashsb-toggle-container\"><\/div><\/aside>\n            <!-- Share buttons by mashshare.net - Version: 4.0.47-->\n<p><em>Por Salvador Altamirano\/Zunoticia<\/em><\/p>\n\n\n\n<p><strong>Huejutla, Hgo<\/strong>.- En el marco del evento conmemorativo del s\u00e9ptimo aniversario de la fundaci\u00f3n de la Radiodifusora de la Universidad Aut\u00f3noma del Estado de Hidalgo (UAEH), efectuado la tarde &#8211; noche del pasado jueves, personal a cargo entreg\u00f3 un reconocimiento por su trayectoria art\u00edstica al fundador e integrante del &#8220;Tr\u00edo Alegr\u00eda Huautlense&#8221;, Ojibie Escudero Ortega.<\/p>\n\n\n\n<p>Entrevistado al respecto, quien integra el tr\u00edo representativo del municipio de Huautla, con sus hijos Magaldi y Ojibie Escudero Galv\u00e1n, agradeci\u00f3 p\u00fablicamente el reconocimiento, fue inesperado y bonito -dijo-, y m\u00e1s porque se me entreg\u00f3 en vida.<\/p>\n\n\n\n<p>A pregunta expresa, refiri\u00f3 no recordar la fecha exacta de la fundaci\u00f3n del tr\u00edo, pero tienen m\u00e1s de 20 a\u00f1os fomentando la m\u00fasica huasteca, durante los cuales han grabado temas que son composiciones propias y de otros grupos musicales.<\/p>\n\n\n\n<p>Agreg\u00f3 que, a sus interpretaciones de huapango siempre se han preocupado por darles un estilo propio, y parece que el p\u00fablico queda fascinado con ello, lo cual demuestran aplaudiendo y bailando en cada una de sus interpretaciones.<\/p>\n\n\n\n<p>Para finalizar, Escudero Ortega exhort\u00f3 a los ni\u00f1os y j\u00f3venes para que le den continuidad al acervo cultural de la m\u00fasica tradicional de la huasteca, la cual consider\u00f3 un &#8220;bello arte&#8221;.<\/p>\n\n\n\n<figure class=\"wp-block-gallery has-nested-images columns-default is-cropped wp-block-gallery-1 is-layout-flex wp-block-gallery-is-layout-flex\">\n<figure class=\"wp-block-image size-large\"><img fetchpriority=\"high\" decoding=\"async\" width=\"933\" height=\"524\" data-id=\"528557\" src=\"https:\/\/www.zunoticia.com\/noticias-de-hidalgo\/wp-content\/uploads\/2024\/02\/Zunoticia-Huejutla-2-42.png\" alt=\"\" class=\"wp-image-528557\"\/><\/figure>\n\n\n\n<figure class=\"wp-block-image size-large\"><img decoding=\"async\" width=\"933\" height=\"524\" data-id=\"528558\" src=\"https:\/\/www.zunoticia.com\/noticias-de-hidalgo\/wp-content\/uploads\/2024\/02\/Zunoticia-Huejutla-1-97.png\" alt=\"\" class=\"wp-image-528558\"\/><\/figure>\n<\/figure>\n","protected":false},"excerpt":{"rendered":"<p>Por Salvador Altamirano\/Zunoticia Huejutla, Hgo.- En el marco del evento conmemorativo del s\u00e9ptimo aniversario de la fundaci\u00f3n de la Radiodifusora de la Universidad Aut\u00f3noma del Estado de Hidalgo (UAEH), efectuado la tarde &#8211; noche del pasado jueves, personal a cargo entreg\u00f3 un reconocimiento por su trayectoria art\u00edstica al fundador e integrante del &#8220;Tr\u00edo Alegr\u00eda Huautlense&#8221;,&hellip; <a class=\"more-link\" href=\"https:\/\/www.zunoticia.com\/noticias-de-hidalgo\/2024\/02\/24\/radiodifusora-de-la-uaeh-entrego-reconocimiento-al-fundador-del-trio-alegria-huautlense\/\">Seguir leyendo <span class=\"screen-reader-text\">Radiodifusora de la UAEH entreg\u00f3 reconocimiento al fundador del &#8220;Tr\u00edo Alegr\u00eda Huautlense&#8221;<\/span><\/a><\/p>\n","protected":false},"author":20,"featured_media":528556,"comment_status":"open","ping_status":"open","sticky":false,"template":"","format":"standard","meta":{"rop_custom_images_group":[],"rop_custom_messages_group":[],"rop_publish_now":"initial","rop_publish_now_accounts":{"facebook_10159540855086992_322828327761733":""},"rop_publish_now_history":[],"rop_publish_now_status":"pending","footnotes":""},"categories":[181],"tags":[121],"class_list":["post-528555","post","type-post","status-publish","format-standard","has-post-thumbnail","hentry","category-huejutla","tag-huejutla","entry"],"_links":{"self":[{"href":"https:\/\/www.zunoticia.com\/noticias-de-hidalgo\/wp-json\/wp\/v2\/posts\/528555","targetHints":{"allow":["GET"]}}],"collection":[{"href":"https:\/\/www.zunoticia.com\/noticias-de-hidalgo\/wp-json\/wp\/v2\/posts"}],"about":[{"href":"https:\/\/www.zunoticia.com\/noticias-de-hidalgo\/wp-json\/wp\/v2\/types\/post"}],"author":[{"embeddable":true,"href":"https:\/\/www.zunoticia.com\/noticias-de-hidalgo\/wp-json\/wp\/v2\/users\/20"}],"replies":[{"embeddable":true,"href":"https:\/\/www.zunoticia.com\/noticias-de-hidalgo\/wp-json\/wp\/v2\/comments?post=528555"}],"version-history":[{"count":1,"href":"https:\/\/www.zunoticia.com\/noticias-de-hidalgo\/wp-json\/wp\/v2\/posts\/528555\/revisions"}],"predecessor-version":[{"id":528559,"href":"https:\/\/www.zunoticia.com\/noticias-de-hidalgo\/wp-json\/wp\/v2\/posts\/528555\/revisions\/528559"}],"wp:featuredmedia":[{"embeddable":true,"href":"https:\/\/www.zunoticia.com\/noticias-de-hidalgo\/wp-json\/wp\/v2\/media\/528556"}],"wp:attachment":[{"href":"https:\/\/www.zunoticia.com\/noticias-de-hidalgo\/wp-json\/wp\/v2\/media?parent=528555"}],"wp:term":[{"taxonomy":"category","embeddable":true,"href":"https:\/\/www.zunoticia.com\/noticias-de-hidalgo\/wp-json\/wp\/v2\/categories?post=528555"},{"taxonomy":"post_tag","embeddable":true,"href":"https:\/\/www.zunoticia.com\/noticias-de-hidalgo\/wp-json\/wp\/v2\/tags?post=528555"}],"curies":[{"name":"wp","href":"https:\/\/api.w.org\/{rel}","templated":true}]}}