{"id":528575,"date":"2024-02-24T16:45:50","date_gmt":"2024-02-24T22:45:50","guid":{"rendered":"https:\/\/www.zunoticia.com\/noticias-de-hidalgo\/?p=528575"},"modified":"2024-02-24T16:45:53","modified_gmt":"2024-02-24T22:45:53","slug":"personal-de-la-jurisdiccion-sanitaria-tulancingo","status":"publish","type":"post","link":"https:\/\/www.zunoticia.com\/noticias-de-hidalgo\/2024\/02\/24\/personal-de-la-jurisdiccion-sanitaria-tulancingo\/","title":{"rendered":"Personal de la Jurisdicci\u00f3n Sanitaria Tulancingo,\u00a0"},"content":{"rendered":"<aside class=\"mashsb-container mashsb-main mashsb-stretched\"><div class=\"mashsb-box\"><div class=\"mashsb-count mash-large\" style=\"float:left\"><div class=\"counts mashsbcount\">24<\/div><span class=\"mashsb-sharetext\">SHARES<\/span><\/div><div class=\"mashsb-buttons\"><a class=\"mashicon-facebook mash-large mash-center mashsb-noshadow\" href=\"https:\/\/www.facebook.com\/sharer.php?u=https%3A%2F%2Fwww.zunoticia.com%2Fnoticias-de-hidalgo%2F2024%2F02%2F24%2Fpersonal-de-la-jurisdiccion-sanitaria-tulancingo%2F\" target=\"_top\" rel=\"nofollow\"><span class=\"icon\"><\/span><span class=\"text\">Share<\/span><\/a><a class=\"mashicon-twitter mash-large mash-center mashsb-noshadow\" href=\"https:\/\/twitter.com\/intent\/tweet?text=&amp;url=https:\/\/www.zunoticia.com\/noticias-de-hidalgo\/2024\/02\/24\/personal-de-la-jurisdiccion-sanitaria-tulancingo\/\" target=\"_top\" rel=\"nofollow\"><span class=\"icon\"><\/span><span class=\"text\">Tweet<\/span><\/a><div class=\"onoffswitch2 mash-large mashsb-noshadow\" style=\"display:none\"><\/div><\/div>\n            <\/div>\n                <div style=\"clear:both\"><\/div><div class=\"mashsb-toggle-container\"><\/div><\/aside>\n            <!-- Share buttons by mashshare.net - Version: 4.0.47-->\n<p>se capacit\u00f3 en materia de Enfermedades Transmitidas por Vector&nbsp;<\/p>\n\n\n\n<p><em>Por Redacci\u00f3n\/Zunoticia<\/em><\/p>\n\n\n\n<p><strong>Pachuca de Soto, Hgo.-<\/strong> En Hidalgo, a trav\u00e9s de la Secretar\u00eda de Salud Estatal (SSH), se refuerzan las acciones de capacitaci\u00f3n del personal como una estrategia orientada a la mejora continua en la atenci\u00f3n de los pacientes.<\/p>\n\n\n\n<p>Es por eso, que el personal operativo de la Jurisdicci\u00f3n Sanitaria Tulancingo, se capacit\u00f3 en materia de Enfermedades Transmitidas por Vector (ETV\u2019S), con el objetivo de que los participantes adquieran nuevos conocimientos y adquieran nuevos, que les permitan un correcto control del vector.&nbsp;<\/p>\n\n\n\n<p>En la actualizaci\u00f3n participaron 40 profesionales, quienes atendieron temas como: el panorama epidemiol\u00f3gico de la ETV`S y generalidades del Dengue, Zika, chikungunya y definiciones operacionales.&nbsp;<\/p>\n\n\n\n<p>El siguiente punto que se abord\u00f3, fue la estrategia \u2018Lava, Tapa, Voltea y Elimina\u2019, con la finalidad de reforzar su uso de forma correcta, a trav\u00e9s de actividades que puedan ser implementadas por la poblaci\u00f3n.&nbsp;<\/p>\n\n\n\n<p>En tanto que, los \u00faltimos temas abordados fueron los relativos a la definici\u00f3n operacional del paludismo y la toma gruesa para su detecci\u00f3n.<\/p>\n\n\n\n<p>Al final del encuentro, y posterior al an\u00e1lisis del panorama epidemiol\u00f3gico actual que impera en Hidalgo, se realiz\u00f3 una evaluaci\u00f3n al personal para reafirmar los conocimientos adquiridos.<\/p>\n\n\n\n<figure class=\"wp-block-image size-full\"><img fetchpriority=\"high\" decoding=\"async\" width=\"933\" height=\"524\" src=\"https:\/\/www.zunoticia.com\/noticias-de-hidalgo\/wp-content\/uploads\/2024\/02\/Zunoticia-Huejutla-1-101.png\" alt=\"\" class=\"wp-image-528577\"\/><\/figure>\n","protected":false},"excerpt":{"rendered":"<p>se capacit\u00f3 en materia de Enfermedades Transmitidas por Vector&nbsp; Por Redacci\u00f3n\/Zunoticia Pachuca de Soto, Hgo.- En Hidalgo, a trav\u00e9s de la Secretar\u00eda de Salud Estatal (SSH), se refuerzan las acciones de capacitaci\u00f3n del personal como una estrategia orientada a la mejora continua en la atenci\u00f3n de los pacientes. Es por eso, que el personal operativo&hellip; <a class=\"more-link\" href=\"https:\/\/www.zunoticia.com\/noticias-de-hidalgo\/2024\/02\/24\/personal-de-la-jurisdiccion-sanitaria-tulancingo\/\">Seguir leyendo <span class=\"screen-reader-text\">Personal de la Jurisdicci\u00f3n Sanitaria Tulancingo,\u00a0<\/span><\/a><\/p>\n","protected":false},"author":20,"featured_media":528576,"comment_status":"open","ping_status":"open","sticky":false,"template":"","format":"standard","meta":{"rop_custom_images_group":[],"rop_custom_messages_group":[],"rop_publish_now":"initial","rop_publish_now_accounts":{"facebook_10159540855086992_322828327761733":""},"rop_publish_now_history":[],"rop_publish_now_status":"pending","footnotes":""},"categories":[208],"tags":[214],"class_list":["post-528575","post","type-post","status-publish","format-standard","has-post-thumbnail","hentry","category-estado","tag-estado","entry"],"_links":{"self":[{"href":"https:\/\/www.zunoticia.com\/noticias-de-hidalgo\/wp-json\/wp\/v2\/posts\/528575","targetHints":{"allow":["GET"]}}],"collection":[{"href":"https:\/\/www.zunoticia.com\/noticias-de-hidalgo\/wp-json\/wp\/v2\/posts"}],"about":[{"href":"https:\/\/www.zunoticia.com\/noticias-de-hidalgo\/wp-json\/wp\/v2\/types\/post"}],"author":[{"embeddable":true,"href":"https:\/\/www.zunoticia.com\/noticias-de-hidalgo\/wp-json\/wp\/v2\/users\/20"}],"replies":[{"embeddable":true,"href":"https:\/\/www.zunoticia.com\/noticias-de-hidalgo\/wp-json\/wp\/v2\/comments?post=528575"}],"version-history":[{"count":1,"href":"https:\/\/www.zunoticia.com\/noticias-de-hidalgo\/wp-json\/wp\/v2\/posts\/528575\/revisions"}],"predecessor-version":[{"id":528578,"href":"https:\/\/www.zunoticia.com\/noticias-de-hidalgo\/wp-json\/wp\/v2\/posts\/528575\/revisions\/528578"}],"wp:featuredmedia":[{"embeddable":true,"href":"https:\/\/www.zunoticia.com\/noticias-de-hidalgo\/wp-json\/wp\/v2\/media\/528576"}],"wp:attachment":[{"href":"https:\/\/www.zunoticia.com\/noticias-de-hidalgo\/wp-json\/wp\/v2\/media?parent=528575"}],"wp:term":[{"taxonomy":"category","embeddable":true,"href":"https:\/\/www.zunoticia.com\/noticias-de-hidalgo\/wp-json\/wp\/v2\/categories?post=528575"},{"taxonomy":"post_tag","embeddable":true,"href":"https:\/\/www.zunoticia.com\/noticias-de-hidalgo\/wp-json\/wp\/v2\/tags?post=528575"}],"curies":[{"name":"wp","href":"https:\/\/api.w.org\/{rel}","templated":true}]}}