{"id":528590,"date":"2024-02-24T18:08:58","date_gmt":"2024-02-25T00:08:58","guid":{"rendered":"https:\/\/www.zunoticia.com\/noticias-de-hidalgo\/?p=528590"},"modified":"2024-02-24T18:09:01","modified_gmt":"2024-02-25T00:09:01","slug":"se-acentua-la-venta-de-naranja-valenciana-en-huejutla","status":"publish","type":"post","link":"https:\/\/www.zunoticia.com\/noticias-de-hidalgo\/2024\/02\/24\/se-acentua-la-venta-de-naranja-valenciana-en-huejutla\/","title":{"rendered":"Se acent\u00faa la venta de naranja valenciana en Huejutla"},"content":{"rendered":"<aside class=\"mashsb-container mashsb-main mashsb-stretched\"><div class=\"mashsb-box\"><div class=\"mashsb-count mash-large\" style=\"float:left\"><div class=\"counts mashsbcount\">28<\/div><span class=\"mashsb-sharetext\">SHARES<\/span><\/div><div class=\"mashsb-buttons\"><a class=\"mashicon-facebook mash-large mash-center mashsb-noshadow\" href=\"https:\/\/www.facebook.com\/sharer.php?u=https%3A%2F%2Fwww.zunoticia.com%2Fnoticias-de-hidalgo%2F2024%2F02%2F24%2Fse-acentua-la-venta-de-naranja-valenciana-en-huejutla%2F\" target=\"_top\" rel=\"nofollow\"><span class=\"icon\"><\/span><span class=\"text\">Share<\/span><\/a><a class=\"mashicon-twitter mash-large mash-center mashsb-noshadow\" href=\"https:\/\/twitter.com\/intent\/tweet?text=&amp;url=https:\/\/www.zunoticia.com\/noticias-de-hidalgo\/2024\/02\/24\/se-acentua-la-venta-de-naranja-valenciana-en-huejutla\/\" target=\"_top\" rel=\"nofollow\"><span class=\"icon\"><\/span><span class=\"text\">Tweet<\/span><\/a><div class=\"onoffswitch2 mash-large mashsb-noshadow\" style=\"display:none\"><\/div><\/div>\n            <\/div>\n                <div style=\"clear:both\"><\/div><div class=\"mashsb-toggle-container\"><\/div><\/aside>\n            <!-- Share buttons by mashshare.net - Version: 4.0.47-->\n<p><em>Por Salvador Altamirano\/Zunoticia<\/em><\/p>\n\n\n\n<p><strong>Huejutla, Hgo.-<\/strong> Agricultores de productos c\u00edtricos de la regi\u00f3n, especificaron que, la naranja se cosecha dos veces al a\u00f1o, en septiembre-octubre la temprana y noviembre-abril la tard\u00eda, extendi\u00e9ndose en algunos casos hasta mayo, que debido a su escasez alcanza precios muy caros.<\/p>\n\n\n\n<p>Refirieron que, existen muchas variedades de naranja y cada una tiene su tiempo de cosecha, como el de la valenciana que seg\u00fan se colecta de enero a mayo, la cual tiene gran demanda ya que es dulce, propia para quienes se dedican a la venta de jugos naturales en la poblaci\u00f3n de Huejutla.<\/p>\n\n\n\n<p>Por tal motivo, la ma\u00f1ana de este s\u00e1bado se observaron en la periferia del mercado municipal varias unidades motoras con cargamentos de naranja a granel, las cuales posteriormente vaciaban en arpillas para su venta que requer\u00edan de manera r\u00e1pida.<\/p>\n\n\n\n<p>Quien se identific\u00f3 con el nombre de Juan Alberto Garc\u00eda, manifest\u00f3 que, esta naranja valenciana la traen del municipio de San Felipe Orizatl\u00e1n, desde enero hay cosecha -dijo-, y al parecer ser\u00e1 abundante por lo que el precio no es accesible.<\/p>\n\n\n\n<p>Para concluir, coment\u00f3 que, la naranja valenciana es de lo mejor, debido a su gran cantidad de propiedades, es jugosa y dulce, por ello muy orientada a la producci\u00f3n del jugo, por lo que en Huejutla se vende muy bien.<\/p>\n\n\n\n<figure class=\"wp-block-image size-full\"><img fetchpriority=\"high\" decoding=\"async\" width=\"933\" height=\"524\" src=\"https:\/\/www.zunoticia.com\/noticias-de-hidalgo\/wp-content\/uploads\/2024\/02\/Zunoticia-Huejutla-157.png\" alt=\"\" class=\"wp-image-528592\"\/><\/figure>\n\n\n\n<p>Inicia la venta de la naranja valenciana en Huejutla<\/p>\n","protected":false},"excerpt":{"rendered":"<p>Por Salvador Altamirano\/Zunoticia Huejutla, Hgo.- Agricultores de productos c\u00edtricos de la regi\u00f3n, especificaron que, la naranja se cosecha dos veces al a\u00f1o, en septiembre-octubre la temprana y noviembre-abril la tard\u00eda, extendi\u00e9ndose en algunos casos hasta mayo, que debido a su escasez alcanza precios muy caros. Refirieron que, existen muchas variedades de naranja y cada una&hellip; <a class=\"more-link\" href=\"https:\/\/www.zunoticia.com\/noticias-de-hidalgo\/2024\/02\/24\/se-acentua-la-venta-de-naranja-valenciana-en-huejutla\/\">Seguir leyendo <span class=\"screen-reader-text\">Se acent\u00faa la venta de naranja valenciana en Huejutla<\/span><\/a><\/p>\n","protected":false},"author":20,"featured_media":528591,"comment_status":"open","ping_status":"open","sticky":false,"template":"","format":"standard","meta":{"rop_custom_images_group":[],"rop_custom_messages_group":[],"rop_publish_now":"initial","rop_publish_now_accounts":{"facebook_10159540855086992_322828327761733":""},"rop_publish_now_history":[],"rop_publish_now_status":"pending","footnotes":""},"categories":[181],"tags":[121],"class_list":["post-528590","post","type-post","status-publish","format-standard","has-post-thumbnail","hentry","category-huejutla","tag-huejutla","entry"],"_links":{"self":[{"href":"https:\/\/www.zunoticia.com\/noticias-de-hidalgo\/wp-json\/wp\/v2\/posts\/528590","targetHints":{"allow":["GET"]}}],"collection":[{"href":"https:\/\/www.zunoticia.com\/noticias-de-hidalgo\/wp-json\/wp\/v2\/posts"}],"about":[{"href":"https:\/\/www.zunoticia.com\/noticias-de-hidalgo\/wp-json\/wp\/v2\/types\/post"}],"author":[{"embeddable":true,"href":"https:\/\/www.zunoticia.com\/noticias-de-hidalgo\/wp-json\/wp\/v2\/users\/20"}],"replies":[{"embeddable":true,"href":"https:\/\/www.zunoticia.com\/noticias-de-hidalgo\/wp-json\/wp\/v2\/comments?post=528590"}],"version-history":[{"count":1,"href":"https:\/\/www.zunoticia.com\/noticias-de-hidalgo\/wp-json\/wp\/v2\/posts\/528590\/revisions"}],"predecessor-version":[{"id":528593,"href":"https:\/\/www.zunoticia.com\/noticias-de-hidalgo\/wp-json\/wp\/v2\/posts\/528590\/revisions\/528593"}],"wp:featuredmedia":[{"embeddable":true,"href":"https:\/\/www.zunoticia.com\/noticias-de-hidalgo\/wp-json\/wp\/v2\/media\/528591"}],"wp:attachment":[{"href":"https:\/\/www.zunoticia.com\/noticias-de-hidalgo\/wp-json\/wp\/v2\/media?parent=528590"}],"wp:term":[{"taxonomy":"category","embeddable":true,"href":"https:\/\/www.zunoticia.com\/noticias-de-hidalgo\/wp-json\/wp\/v2\/categories?post=528590"},{"taxonomy":"post_tag","embeddable":true,"href":"https:\/\/www.zunoticia.com\/noticias-de-hidalgo\/wp-json\/wp\/v2\/tags?post=528590"}],"curies":[{"name":"wp","href":"https:\/\/api.w.org\/{rel}","templated":true}]}}