{"id":528594,"date":"2024-02-24T18:14:32","date_gmt":"2024-02-25T00:14:32","guid":{"rendered":"https:\/\/www.zunoticia.com\/noticias-de-hidalgo\/?p=528594"},"modified":"2024-02-24T18:14:35","modified_gmt":"2024-02-25T00:14:35","slug":"continua-la-pavimentacion-de-calles-en-la-cabecera-municipal","status":"publish","type":"post","link":"https:\/\/www.zunoticia.com\/noticias-de-hidalgo\/2024\/02\/24\/continua-la-pavimentacion-de-calles-en-la-cabecera-municipal\/","title":{"rendered":"Contin\u00faa la pavimentaci\u00f3n de calles en la cabecera municipal"},"content":{"rendered":"<aside class=\"mashsb-container mashsb-main mashsb-stretched\"><div class=\"mashsb-box\"><div class=\"mashsb-count mash-large\" style=\"float:left\"><div class=\"counts mashsbcount\">17<\/div><span class=\"mashsb-sharetext\">SHARES<\/span><\/div><div class=\"mashsb-buttons\"><a class=\"mashicon-facebook mash-large mash-center mashsb-noshadow\" href=\"https:\/\/www.facebook.com\/sharer.php?u=https%3A%2F%2Fwww.zunoticia.com%2Fnoticias-de-hidalgo%2F2024%2F02%2F24%2Fcontinua-la-pavimentacion-de-calles-en-la-cabecera-municipal%2F\" target=\"_top\" rel=\"nofollow\"><span class=\"icon\"><\/span><span class=\"text\">Share<\/span><\/a><a class=\"mashicon-twitter mash-large mash-center mashsb-noshadow\" href=\"https:\/\/twitter.com\/intent\/tweet?text=&amp;url=https:\/\/www.zunoticia.com\/noticias-de-hidalgo\/2024\/02\/24\/continua-la-pavimentacion-de-calles-en-la-cabecera-municipal\/\" target=\"_top\" rel=\"nofollow\"><span class=\"icon\"><\/span><span class=\"text\">Tweet<\/span><\/a><div class=\"onoffswitch2 mash-large mashsb-noshadow\" style=\"display:none\"><\/div><\/div>\n            <\/div>\n                <div style=\"clear:both\"><\/div><div class=\"mashsb-toggle-container\"><\/div><\/aside>\n            <!-- Share buttons by mashshare.net - Version: 4.0.47-->\n<p><em>Por Salvador Altamirano\/Zunoticia<\/em><\/p>\n\n\n\n<p><strong>Huejutla, Hgo.-<\/strong> Derivado de la gesti\u00f3n realizada el 2 de febrero del 2023, por la anterior delegada de la colonia Capit\u00e1n Antonio Reyes, Roc\u00edo Vite G\u00f3mez, se encuentra en proceso de encarpetamiento la calle Juan Mojica Ugalde.<\/p>\n\n\n\n<p>Al respecto, habitantes del antiguo sector de Barrio Arriba, agradecieron al presidente municipal, Daniel Andrade Zurutuza, por la autorizaci\u00f3n y ahora cristalizaci\u00f3n de la obra, la cual se suma a otra reciente cantidad de pavimentaciones en la cabecera.<\/p>\n\n\n\n<p>Agregaron que, la calle Juan Mujica Ugalde tiene su relevancia porque es la que divide la hoy colonia Capit\u00e1n Antonio Reyes, antes Barrio Arriba, con la Zona Centro de Huejutla.<\/p>\n\n\n\n<p>Para finalizar, comentaron que, con lo anterior ser\u00e1 m\u00e1s fluida la circulaci\u00f3n vial en esa arteria, que por su ubicaci\u00f3n -reiteraron-, debe de estar en \u00f3ptimas condiciones.<\/p>\n\n\n\n<p><\/p>\n","protected":false},"excerpt":{"rendered":"<p>Por Salvador Altamirano\/Zunoticia Huejutla, Hgo.- Derivado de la gesti\u00f3n realizada el 2 de febrero del 2023, por la anterior delegada de la colonia Capit\u00e1n Antonio Reyes, Roc\u00edo Vite G\u00f3mez, se encuentra en proceso de encarpetamiento la calle Juan Mojica Ugalde. Al respecto, habitantes del antiguo sector de Barrio Arriba, agradecieron al presidente municipal, Daniel Andrade&hellip; <a class=\"more-link\" href=\"https:\/\/www.zunoticia.com\/noticias-de-hidalgo\/2024\/02\/24\/continua-la-pavimentacion-de-calles-en-la-cabecera-municipal\/\">Seguir leyendo <span class=\"screen-reader-text\">Contin\u00faa la pavimentaci\u00f3n de calles en la cabecera municipal<\/span><\/a><\/p>\n","protected":false},"author":20,"featured_media":528595,"comment_status":"open","ping_status":"open","sticky":false,"template":"","format":"standard","meta":{"rop_custom_images_group":[],"rop_custom_messages_group":[],"rop_publish_now":"initial","rop_publish_now_accounts":{"facebook_10159540855086992_322828327761733":""},"rop_publish_now_history":[],"rop_publish_now_status":"pending","footnotes":""},"categories":[181],"tags":[121],"class_list":["post-528594","post","type-post","status-publish","format-standard","has-post-thumbnail","hentry","category-huejutla","tag-huejutla","entry"],"_links":{"self":[{"href":"https:\/\/www.zunoticia.com\/noticias-de-hidalgo\/wp-json\/wp\/v2\/posts\/528594","targetHints":{"allow":["GET"]}}],"collection":[{"href":"https:\/\/www.zunoticia.com\/noticias-de-hidalgo\/wp-json\/wp\/v2\/posts"}],"about":[{"href":"https:\/\/www.zunoticia.com\/noticias-de-hidalgo\/wp-json\/wp\/v2\/types\/post"}],"author":[{"embeddable":true,"href":"https:\/\/www.zunoticia.com\/noticias-de-hidalgo\/wp-json\/wp\/v2\/users\/20"}],"replies":[{"embeddable":true,"href":"https:\/\/www.zunoticia.com\/noticias-de-hidalgo\/wp-json\/wp\/v2\/comments?post=528594"}],"version-history":[{"count":1,"href":"https:\/\/www.zunoticia.com\/noticias-de-hidalgo\/wp-json\/wp\/v2\/posts\/528594\/revisions"}],"predecessor-version":[{"id":528596,"href":"https:\/\/www.zunoticia.com\/noticias-de-hidalgo\/wp-json\/wp\/v2\/posts\/528594\/revisions\/528596"}],"wp:featuredmedia":[{"embeddable":true,"href":"https:\/\/www.zunoticia.com\/noticias-de-hidalgo\/wp-json\/wp\/v2\/media\/528595"}],"wp:attachment":[{"href":"https:\/\/www.zunoticia.com\/noticias-de-hidalgo\/wp-json\/wp\/v2\/media?parent=528594"}],"wp:term":[{"taxonomy":"category","embeddable":true,"href":"https:\/\/www.zunoticia.com\/noticias-de-hidalgo\/wp-json\/wp\/v2\/categories?post=528594"},{"taxonomy":"post_tag","embeddable":true,"href":"https:\/\/www.zunoticia.com\/noticias-de-hidalgo\/wp-json\/wp\/v2\/tags?post=528594"}],"curies":[{"name":"wp","href":"https:\/\/api.w.org\/{rel}","templated":true}]}}