{"id":528623,"date":"2024-02-24T19:36:56","date_gmt":"2024-02-25T01:36:56","guid":{"rendered":"https:\/\/www.zunoticia.com\/noticias-de-hidalgo\/?p=528623"},"modified":"2024-02-24T19:36:59","modified_gmt":"2024-02-25T01:36:59","slug":"conmemoran-dia-de-la-bandera-nacional-y-presidente-de-mexico-toma-protesta-a-escoltas","status":"publish","type":"post","link":"https:\/\/www.zunoticia.com\/noticias-de-hidalgo\/2024\/02\/24\/conmemoran-dia-de-la-bandera-nacional-y-presidente-de-mexico-toma-protesta-a-escoltas\/","title":{"rendered":"Conmemoran D\u00eda de la Bandera Nacional y presidente de M\u00e9xico toma protesta a escoltas"},"content":{"rendered":"<aside class=\"mashsb-container mashsb-main mashsb-stretched\"><div class=\"mashsb-box\"><div class=\"mashsb-count mash-large\" style=\"float:left\"><div class=\"counts mashsbcount\">12<\/div><span class=\"mashsb-sharetext\">SHARES<\/span><\/div><div class=\"mashsb-buttons\"><a class=\"mashicon-facebook mash-large mash-center mashsb-noshadow\" href=\"https:\/\/www.facebook.com\/sharer.php?u=https%3A%2F%2Fwww.zunoticia.com%2Fnoticias-de-hidalgo%2F2024%2F02%2F24%2Fconmemoran-dia-de-la-bandera-nacional-y-presidente-de-mexico-toma-protesta-a-escoltas%2F\" target=\"_top\" rel=\"nofollow\"><span class=\"icon\"><\/span><span class=\"text\">Share<\/span><\/a><a class=\"mashicon-twitter mash-large mash-center mashsb-noshadow\" href=\"https:\/\/twitter.com\/intent\/tweet?text=&amp;url=https:\/\/www.zunoticia.com\/noticias-de-hidalgo\/2024\/02\/24\/conmemoran-dia-de-la-bandera-nacional-y-presidente-de-mexico-toma-protesta-a-escoltas\/\" target=\"_top\" rel=\"nofollow\"><span class=\"icon\"><\/span><span class=\"text\">Tweet<\/span><\/a><div class=\"onoffswitch2 mash-large mashsb-noshadow\" style=\"display:none\"><\/div><\/div>\n            <\/div>\n                <div style=\"clear:both\"><\/div><div class=\"mashsb-toggle-container\"><\/div><\/aside>\n            <!-- Share buttons by mashshare.net - Version: 4.0.47-->\n<p>\u25cf En transmisi\u00f3n digital, participaron 692 escoltas de las 32 entidades federativas<\/p>\n\n\n\n<p><em>Por Redacci\u00f3n\/Zunoticia<\/em><\/p>\n\n\n\n<p><strong>Pachuca de Soto, Hgo.-<\/strong> Con honores e izamiento de bandera monumental conmemora Gobierno del Estado de Hidalgo el D\u00eda de la Bandera Nacional en evento c\u00edvico realizado en la Plaza Ju\u00e1rez de Pachuca, al que acudieron servidores p\u00fablicos de los tres \u00f3rdenes de gobierno, estudiantes de diferentes planteles educativos, miembros de la 18va Zona Militar, Guardia Nacional y sociedad en general.<\/p>\n\n\n\n<p>El acto c\u00edvico fue encabezado por el secretario de gobierno, Guillermo Olivares, en representaci\u00f3n del gobernador Julio Menchaca Salazar. La encargada de la Secretar\u00eda de Bienestar e Inclusi\u00f3n Social, Neyda Naranjo Baltazar, brind\u00f3 el mensaje institucional, en el que destac\u00f3 la importancia de respetar y enaltecer a nuestro l\u00e1baro patrio, ya que es la representaci\u00f3n del amor que tenemos por nuestra naci\u00f3n.<\/p>\n\n\n\n<p>\u201cHoy que celebramos y rendimos homenaje a nuestro s\u00edmbolo patrio, les invito a la reflexi\u00f3n, M\u00e9xico requiere de todas y todos nosotros, de nuestro trabajo, amor y fuerza inquebrantable, todav\u00eda existe mucho camino y diversos objetivos por conseguir, ese es el caso de nuestro estado, tierra de grandes hombres y mujeres que anhelamos un futuro mejor, uno donde nadie quede desplazado ni marginado\u201d, expres\u00f3 Naranjo Baltazar.<\/p>\n\n\n\n<p>Para complementar el acto se llev\u00f3 a cabo la proyecci\u00f3n de dos videos alusivos al d\u00eda de la bandera, en los que se resalt\u00f3 la importancia del s\u00edmbolo patrio, explicando su origen, sus cambios, el crecimiento del orgullo nacional y la obligatoriedad de enaltecerla en los planteles educativos.<\/p>\n\n\n\n<figure class=\"wp-block-image size-full\"><img fetchpriority=\"high\" decoding=\"async\" width=\"933\" height=\"524\" src=\"https:\/\/www.zunoticia.com\/noticias-de-hidalgo\/wp-content\/uploads\/2024\/02\/Zunoticia-Huejutla-1-104.png\" alt=\"\" class=\"wp-image-528625\"\/><\/figure>\n\n\n\n<p>El general de brigada diplomado del estado mayor, Alfredo Salgado Vargas, comandante de la 18va Zona Militar, pronunci\u00f3 tambi\u00e9n un mensaje de esta significativa ceremonia, destacando la relevancia de la Ense\u00f1a Nacional, principalmente para el \u201cpueblo uniformado\u201d que es el ej\u00e9rcito, y por ello adem\u00e1s de su importancia hist\u00f3rica, subray\u00f3 que es la representaci\u00f3n de los sue\u00f1os y convicciones con las que se ha construido la Naci\u00f3n.<\/p>\n\n\n\n<p>Finalmente, se realiz\u00f3 enlace con la Ceremonia del Acto C\u00edvico encabezado por el presidente de M\u00e9xico, Andr\u00e9s Manuel L\u00f3pez Obrador, en el que se abander\u00f3 a organismo militares y escuelas de la Secretar\u00eda de Educaci\u00f3n P\u00fablica.<\/p>\n\n\n\n<p>Asimismo, el presidente tom\u00f3 protesta al personal que asumi\u00f3 el compromiso de custodiar la ense\u00f1a nacional, simult\u00e1neamente a trav\u00e9s de la red digital tom\u00f3 protesta a 692 escoltas de las 32 entidades federativas, entre ellas de Hidalgo.<\/p>\n","protected":false},"excerpt":{"rendered":"<p>\u25cf En transmisi\u00f3n digital, participaron 692 escoltas de las 32 entidades federativas Por Redacci\u00f3n\/Zunoticia Pachuca de Soto, Hgo.- Con honores e izamiento de bandera monumental conmemora Gobierno del Estado de Hidalgo el D\u00eda de la Bandera Nacional en evento c\u00edvico realizado en la Plaza Ju\u00e1rez de Pachuca, al que acudieron servidores p\u00fablicos de los tres&hellip; <a class=\"more-link\" href=\"https:\/\/www.zunoticia.com\/noticias-de-hidalgo\/2024\/02\/24\/conmemoran-dia-de-la-bandera-nacional-y-presidente-de-mexico-toma-protesta-a-escoltas\/\">Seguir leyendo <span class=\"screen-reader-text\">Conmemoran D\u00eda de la Bandera Nacional y presidente de M\u00e9xico toma protesta a escoltas<\/span><\/a><\/p>\n","protected":false},"author":20,"featured_media":528624,"comment_status":"open","ping_status":"open","sticky":false,"template":"","format":"standard","meta":{"rop_custom_images_group":[],"rop_custom_messages_group":[],"rop_publish_now":"initial","rop_publish_now_accounts":{"facebook_10159540855086992_322828327761733":""},"rop_publish_now_history":[],"rop_publish_now_status":"pending","footnotes":""},"categories":[208],"tags":[214],"class_list":["post-528623","post","type-post","status-publish","format-standard","has-post-thumbnail","hentry","category-estado","tag-estado","entry"],"_links":{"self":[{"href":"https:\/\/www.zunoticia.com\/noticias-de-hidalgo\/wp-json\/wp\/v2\/posts\/528623","targetHints":{"allow":["GET"]}}],"collection":[{"href":"https:\/\/www.zunoticia.com\/noticias-de-hidalgo\/wp-json\/wp\/v2\/posts"}],"about":[{"href":"https:\/\/www.zunoticia.com\/noticias-de-hidalgo\/wp-json\/wp\/v2\/types\/post"}],"author":[{"embeddable":true,"href":"https:\/\/www.zunoticia.com\/noticias-de-hidalgo\/wp-json\/wp\/v2\/users\/20"}],"replies":[{"embeddable":true,"href":"https:\/\/www.zunoticia.com\/noticias-de-hidalgo\/wp-json\/wp\/v2\/comments?post=528623"}],"version-history":[{"count":1,"href":"https:\/\/www.zunoticia.com\/noticias-de-hidalgo\/wp-json\/wp\/v2\/posts\/528623\/revisions"}],"predecessor-version":[{"id":528626,"href":"https:\/\/www.zunoticia.com\/noticias-de-hidalgo\/wp-json\/wp\/v2\/posts\/528623\/revisions\/528626"}],"wp:featuredmedia":[{"embeddable":true,"href":"https:\/\/www.zunoticia.com\/noticias-de-hidalgo\/wp-json\/wp\/v2\/media\/528624"}],"wp:attachment":[{"href":"https:\/\/www.zunoticia.com\/noticias-de-hidalgo\/wp-json\/wp\/v2\/media?parent=528623"}],"wp:term":[{"taxonomy":"category","embeddable":true,"href":"https:\/\/www.zunoticia.com\/noticias-de-hidalgo\/wp-json\/wp\/v2\/categories?post=528623"},{"taxonomy":"post_tag","embeddable":true,"href":"https:\/\/www.zunoticia.com\/noticias-de-hidalgo\/wp-json\/wp\/v2\/tags?post=528623"}],"curies":[{"name":"wp","href":"https:\/\/api.w.org\/{rel}","templated":true}]}}