{"id":529107,"date":"2024-02-28T13:57:56","date_gmt":"2024-02-28T19:57:56","guid":{"rendered":"https:\/\/www.zunoticia.com\/noticias-de-hidalgo\/?p=529107"},"modified":"2024-02-28T13:57:59","modified_gmt":"2024-02-28T19:57:59","slug":"aplican-evaluacion-diagnostica-para-alumnos-de-educacion-basica","status":"publish","type":"post","link":"https:\/\/www.zunoticia.com\/noticias-de-hidalgo\/2024\/02\/28\/aplican-evaluacion-diagnostica-para-alumnos-de-educacion-basica\/","title":{"rendered":"Aplican evaluaci\u00f3n diagn\u00f3stica para alumnos de educaci\u00f3n b\u00e1sica"},"content":{"rendered":"<aside class=\"mashsb-container mashsb-main mashsb-stretched\"><div class=\"mashsb-box\"><div class=\"mashsb-count mash-large\" style=\"float:left\"><div class=\"counts mashsbcount\">18<\/div><span class=\"mashsb-sharetext\">SHARES<\/span><\/div><div class=\"mashsb-buttons\"><a class=\"mashicon-facebook mash-large mash-center mashsb-noshadow\" href=\"https:\/\/www.facebook.com\/sharer.php?u=https%3A%2F%2Fwww.zunoticia.com%2Fnoticias-de-hidalgo%2F2024%2F02%2F28%2Faplican-evaluacion-diagnostica-para-alumnos-de-educacion-basica%2F\" target=\"_top\" rel=\"nofollow\"><span class=\"icon\"><\/span><span class=\"text\">Share<\/span><\/a><a class=\"mashicon-twitter mash-large mash-center mashsb-noshadow\" href=\"https:\/\/twitter.com\/intent\/tweet?text=&amp;url=https:\/\/www.zunoticia.com\/noticias-de-hidalgo\/2024\/02\/28\/aplican-evaluacion-diagnostica-para-alumnos-de-educacion-basica\/\" target=\"_top\" rel=\"nofollow\"><span class=\"icon\"><\/span><span class=\"text\">Tweet<\/span><\/a><div class=\"onoffswitch2 mash-large mashsb-noshadow\" style=\"display:none\"><\/div><\/div>\n            <\/div>\n                <div style=\"clear:both\"><\/div><div class=\"mashsb-toggle-container\"><\/div><\/aside>\n            <!-- Share buttons by mashshare.net - Version: 4.0.47-->\n<p><em>Por Enedino Hern\u00e1ndez\/Zunoticia<\/em><\/p>\n\n\n\n<p><strong>Huejutla, Hgo<\/strong>.- Por espacio de tres d\u00edas, de la presente semana, se realiza la segunda aplicaci\u00f3n de la evaluaci\u00f3n diagn\u00f3stica para alumnos de educaci\u00f3n b\u00e1sica.<\/p>\n\n\n\n<p>El director de la Escuela Secundaria General N\u00famero 2 de Huejutla, Jorge Arturo Rocha Reyes, confirm\u00f3 que, en dicha instituci\u00f3n educativa la segunda valoraci\u00f3n de la evaluaci\u00f3n diagn\u00f3stica se aplica los d\u00edas mi\u00e9rcoles 28 y jueves 29 de febrero; as\u00ed como el viernes 1 de marzo.<\/p>\n\n\n\n<p>Dijo que, con toda oportunidad se notific\u00f3 a todos los alumnos de la instituci\u00f3n sobre la aplicaci\u00f3n de la evaluaci\u00f3n, a quienes se les recomend\u00f3 llevar lapicero, l\u00e1piz y borrador; Asimismo, se dio a conocer que, esta se aplica de 08:00 a 12:00 horas.<\/p>\n\n\n\n<p>Para concluir, detall\u00f3 que, la evaluaci\u00f3n diagn\u00f3stica va aplicada generalmente en el Conocimiento de la Lectura, Matem\u00e1ticas, Formaci\u00f3n C\u00edvica y \u00c9tica.<\/p>\n","protected":false},"excerpt":{"rendered":"<p>Por Enedino Hern\u00e1ndez\/Zunoticia Huejutla, Hgo.- Por espacio de tres d\u00edas, de la presente semana, se realiza la segunda aplicaci\u00f3n de la evaluaci\u00f3n diagn\u00f3stica para alumnos de educaci\u00f3n b\u00e1sica. El director de la Escuela Secundaria General N\u00famero 2 de Huejutla, Jorge Arturo Rocha Reyes, confirm\u00f3 que, en dicha instituci\u00f3n educativa la segunda valoraci\u00f3n de la evaluaci\u00f3n&hellip; <a class=\"more-link\" href=\"https:\/\/www.zunoticia.com\/noticias-de-hidalgo\/2024\/02\/28\/aplican-evaluacion-diagnostica-para-alumnos-de-educacion-basica\/\">Seguir leyendo <span class=\"screen-reader-text\">Aplican evaluaci\u00f3n diagn\u00f3stica para alumnos de educaci\u00f3n b\u00e1sica<\/span><\/a><\/p>\n","protected":false},"author":20,"featured_media":529108,"comment_status":"open","ping_status":"open","sticky":false,"template":"","format":"standard","meta":{"rop_custom_images_group":[],"rop_custom_messages_group":[],"rop_publish_now":"initial","rop_publish_now_accounts":{"facebook_10159540855086992_322828327761733":""},"rop_publish_now_history":[],"rop_publish_now_status":"pending","footnotes":""},"categories":[181],"tags":[121],"class_list":["post-529107","post","type-post","status-publish","format-standard","has-post-thumbnail","hentry","category-huejutla","tag-huejutla","entry"],"_links":{"self":[{"href":"https:\/\/www.zunoticia.com\/noticias-de-hidalgo\/wp-json\/wp\/v2\/posts\/529107","targetHints":{"allow":["GET"]}}],"collection":[{"href":"https:\/\/www.zunoticia.com\/noticias-de-hidalgo\/wp-json\/wp\/v2\/posts"}],"about":[{"href":"https:\/\/www.zunoticia.com\/noticias-de-hidalgo\/wp-json\/wp\/v2\/types\/post"}],"author":[{"embeddable":true,"href":"https:\/\/www.zunoticia.com\/noticias-de-hidalgo\/wp-json\/wp\/v2\/users\/20"}],"replies":[{"embeddable":true,"href":"https:\/\/www.zunoticia.com\/noticias-de-hidalgo\/wp-json\/wp\/v2\/comments?post=529107"}],"version-history":[{"count":1,"href":"https:\/\/www.zunoticia.com\/noticias-de-hidalgo\/wp-json\/wp\/v2\/posts\/529107\/revisions"}],"predecessor-version":[{"id":529109,"href":"https:\/\/www.zunoticia.com\/noticias-de-hidalgo\/wp-json\/wp\/v2\/posts\/529107\/revisions\/529109"}],"wp:featuredmedia":[{"embeddable":true,"href":"https:\/\/www.zunoticia.com\/noticias-de-hidalgo\/wp-json\/wp\/v2\/media\/529108"}],"wp:attachment":[{"href":"https:\/\/www.zunoticia.com\/noticias-de-hidalgo\/wp-json\/wp\/v2\/media?parent=529107"}],"wp:term":[{"taxonomy":"category","embeddable":true,"href":"https:\/\/www.zunoticia.com\/noticias-de-hidalgo\/wp-json\/wp\/v2\/categories?post=529107"},{"taxonomy":"post_tag","embeddable":true,"href":"https:\/\/www.zunoticia.com\/noticias-de-hidalgo\/wp-json\/wp\/v2\/tags?post=529107"}],"curies":[{"name":"wp","href":"https:\/\/api.w.org\/{rel}","templated":true}]}}