{"id":529195,"date":"2024-02-28T18:52:15","date_gmt":"2024-02-29T00:52:15","guid":{"rendered":"https:\/\/www.zunoticia.com\/noticias-de-hidalgo\/?p=529195"},"modified":"2024-02-28T18:52:18","modified_gmt":"2024-02-29T00:52:18","slug":"huejutla-se-consolida-como-referente-de-desarrollo-en-la-huasteca-daniel-andrade","status":"publish","type":"post","link":"https:\/\/www.zunoticia.com\/noticias-de-hidalgo\/2024\/02\/28\/huejutla-se-consolida-como-referente-de-desarrollo-en-la-huasteca-daniel-andrade\/","title":{"rendered":"&#8220;Huejutla se consolida como referente de desarrollo en la huasteca&#8221;: Daniel Andrade"},"content":{"rendered":"<aside class=\"mashsb-container mashsb-main mashsb-stretched\"><div class=\"mashsb-box\"><div class=\"mashsb-count mash-large\" style=\"float:left\"><div class=\"counts mashsbcount\">36<\/div><span class=\"mashsb-sharetext\">SHARES<\/span><\/div><div class=\"mashsb-buttons\"><a class=\"mashicon-facebook mash-large mash-center mashsb-noshadow\" href=\"https:\/\/www.facebook.com\/sharer.php?u=https%3A%2F%2Fwww.zunoticia.com%2Fnoticias-de-hidalgo%2F2024%2F02%2F28%2Fhuejutla-se-consolida-como-referente-de-desarrollo-en-la-huasteca-daniel-andrade%2F\" target=\"_top\" rel=\"nofollow\"><span class=\"icon\"><\/span><span class=\"text\">Share<\/span><\/a><a class=\"mashicon-twitter mash-large mash-center mashsb-noshadow\" href=\"https:\/\/twitter.com\/intent\/tweet?text=&amp;url=https:\/\/www.zunoticia.com\/noticias-de-hidalgo\/2024\/02\/28\/huejutla-se-consolida-como-referente-de-desarrollo-en-la-huasteca-daniel-andrade\/\" target=\"_top\" rel=\"nofollow\"><span class=\"icon\"><\/span><span class=\"text\">Tweet<\/span><\/a><div class=\"onoffswitch2 mash-large mashsb-noshadow\" style=\"display:none\"><\/div><\/div>\n            <\/div>\n                <div style=\"clear:both\"><\/div><div class=\"mashsb-toggle-container\"><\/div><\/aside>\n            <!-- Share buttons by mashshare.net - Version: 4.0.47-->\n<p><em>Por Redacci\u00f3n\/Zunoticia<\/em><\/p>\n\n\n\n<p><strong>Huejutla, Hgo<\/strong>. &#8211; Gracias al apoyo del Gobierno del estado de Hidalgo, el municipio ya es referente en toda la regi\u00f3n de la Huasteca, afirm\u00f3 Daniel Andrade Zurutuza, Presidente Municipal con licencia, al participar en el cierre de las Rutas de la Transformaci\u00f3n Gobierno en Movimiento.<\/p>\n\n\n\n<p>Horas antes de solicitar a la Honorable Asamblea Municipal licencia al cargo de alcalde y ante m\u00e1s de 10 mil asistentes que se reunieron en los terrenos de la feria de esta ciudad, Andrade Zurutuza agradeci\u00f3 al mandatario estatal por todo el respaldo que le ha dado a la regi\u00f3n de la Huasteca, pero principalmente al municipio de Huejutla, al cual ha visitado en repetidas ocasiones, siendo esta del mi\u00e9rcoles 28 de febrero su visita n\u00famero 13.<\/p>\n\n\n\n<p>En este sentido, dijo que su cercan\u00eda con este municipio y el fuerte impulso que le ha brindado en materia econ\u00f3mica, de salud, educativa y fortalecimiento de infraestructura p\u00fablica, entre otros rubros, son una prueba constante del gran cari\u00f1o que el Gobernador le tiene a las y los habitantes de esta zona a quienes se benefici\u00f3 con una feria de servicios que permite, a trav\u00e9s de pol\u00edticas p\u00fablicas, contribuir en la atenci\u00f3n de las diversas necesidades que se tienen en los pueblos. &#8220;Su liderazgo es nuestro ejemplo y su capacidad nos ayuda a que cada d\u00eda seamos mejores&#8221;, coment\u00f3.<\/p>\n\n\n\n<p>Finalmente, Daniel Andrade Zurutuza expres\u00f3 palabras de agradecimiento al pueblo de Huejutla, al que exhort\u00f3 a mantenerse en el camino de la transformaci\u00f3n, manteniendo el trabajo en equipo y sumando cada d\u00eda acciones positivas, &#8220;siempre priorizando el bienestar comunitario y el cambio verdadero, enhorabuena por esa gran colaboraci\u00f3n y estoy seguro de que vendr\u00e1n pronto m\u00e1s \u00e9xitos y m\u00e1s beneficios que nos ayuden a lograr el bienestar de todos y todas&#8221;, puntualiz\u00f3.<\/p>\n\n\n\n<figure class=\"wp-block-gallery has-nested-images columns-default is-cropped wp-block-gallery-1 is-layout-flex wp-block-gallery-is-layout-flex\">\n<figure class=\"wp-block-image size-large\"><img fetchpriority=\"high\" decoding=\"async\" width=\"933\" height=\"524\" data-id=\"529198\" src=\"https:\/\/www.zunoticia.com\/noticias-de-hidalgo\/wp-content\/uploads\/2024\/02\/Zunoticia-Huejutla-2-56.png\" alt=\"\" class=\"wp-image-529198\"\/><\/figure>\n\n\n\n<figure class=\"wp-block-image size-large\"><img decoding=\"async\" width=\"933\" height=\"524\" data-id=\"529197\" src=\"https:\/\/www.zunoticia.com\/noticias-de-hidalgo\/wp-content\/uploads\/2024\/02\/Zunoticia-Huejutla-1-143.png\" alt=\"\" class=\"wp-image-529197\"\/><\/figure>\n<\/figure>\n","protected":false},"excerpt":{"rendered":"<p>Por Redacci\u00f3n\/Zunoticia Huejutla, Hgo. &#8211; Gracias al apoyo del Gobierno del estado de Hidalgo, el municipio ya es referente en toda la regi\u00f3n de la Huasteca, afirm\u00f3 Daniel Andrade Zurutuza, Presidente Municipal con licencia, al participar en el cierre de las Rutas de la Transformaci\u00f3n Gobierno en Movimiento. Horas antes de solicitar a la Honorable&hellip; <a class=\"more-link\" href=\"https:\/\/www.zunoticia.com\/noticias-de-hidalgo\/2024\/02\/28\/huejutla-se-consolida-como-referente-de-desarrollo-en-la-huasteca-daniel-andrade\/\">Seguir leyendo <span class=\"screen-reader-text\">&#8220;Huejutla se consolida como referente de desarrollo en la huasteca&#8221;: Daniel Andrade<\/span><\/a><\/p>\n","protected":false},"author":20,"featured_media":529196,"comment_status":"open","ping_status":"open","sticky":false,"template":"","format":"standard","meta":{"rop_custom_images_group":[],"rop_custom_messages_group":[],"rop_publish_now":"initial","rop_publish_now_accounts":{"facebook_10159540855086992_322828327761733":""},"rop_publish_now_history":[],"rop_publish_now_status":"pending","footnotes":""},"categories":[181],"tags":[121],"class_list":["post-529195","post","type-post","status-publish","format-standard","has-post-thumbnail","hentry","category-huejutla","tag-huejutla","entry"],"_links":{"self":[{"href":"https:\/\/www.zunoticia.com\/noticias-de-hidalgo\/wp-json\/wp\/v2\/posts\/529195","targetHints":{"allow":["GET"]}}],"collection":[{"href":"https:\/\/www.zunoticia.com\/noticias-de-hidalgo\/wp-json\/wp\/v2\/posts"}],"about":[{"href":"https:\/\/www.zunoticia.com\/noticias-de-hidalgo\/wp-json\/wp\/v2\/types\/post"}],"author":[{"embeddable":true,"href":"https:\/\/www.zunoticia.com\/noticias-de-hidalgo\/wp-json\/wp\/v2\/users\/20"}],"replies":[{"embeddable":true,"href":"https:\/\/www.zunoticia.com\/noticias-de-hidalgo\/wp-json\/wp\/v2\/comments?post=529195"}],"version-history":[{"count":1,"href":"https:\/\/www.zunoticia.com\/noticias-de-hidalgo\/wp-json\/wp\/v2\/posts\/529195\/revisions"}],"predecessor-version":[{"id":529199,"href":"https:\/\/www.zunoticia.com\/noticias-de-hidalgo\/wp-json\/wp\/v2\/posts\/529195\/revisions\/529199"}],"wp:featuredmedia":[{"embeddable":true,"href":"https:\/\/www.zunoticia.com\/noticias-de-hidalgo\/wp-json\/wp\/v2\/media\/529196"}],"wp:attachment":[{"href":"https:\/\/www.zunoticia.com\/noticias-de-hidalgo\/wp-json\/wp\/v2\/media?parent=529195"}],"wp:term":[{"taxonomy":"category","embeddable":true,"href":"https:\/\/www.zunoticia.com\/noticias-de-hidalgo\/wp-json\/wp\/v2\/categories?post=529195"},{"taxonomy":"post_tag","embeddable":true,"href":"https:\/\/www.zunoticia.com\/noticias-de-hidalgo\/wp-json\/wp\/v2\/tags?post=529195"}],"curies":[{"name":"wp","href":"https:\/\/api.w.org\/{rel}","templated":true}]}}