{"id":529640,"date":"2024-03-02T11:45:48","date_gmt":"2024-03-02T17:45:48","guid":{"rendered":"https:\/\/www.zunoticia.com\/noticias-de-hidalgo\/?p=529640"},"modified":"2024-03-02T11:45:51","modified_gmt":"2024-03-02T17:45:51","slug":"consejeros-y-representantes-de-partidos-conocieron-espacios-a-utilizarse-en-la-jornada-electoral","status":"publish","type":"post","link":"https:\/\/www.zunoticia.com\/noticias-de-hidalgo\/2024\/03\/02\/consejeros-y-representantes-de-partidos-conocieron-espacios-a-utilizarse-en-la-jornada-electoral\/","title":{"rendered":"Consejeros y representantes de partidos conocieron espacios a utilizarse en la jornada electoral"},"content":{"rendered":"<aside class=\"mashsb-container mashsb-main mashsb-stretched\"><div class=\"mashsb-box\"><div class=\"mashsb-count mash-large\" style=\"float:left\"><div class=\"counts mashsbcount\">40<\/div><span class=\"mashsb-sharetext\">SHARES<\/span><\/div><div class=\"mashsb-buttons\"><a class=\"mashicon-facebook mash-large mash-center mashsb-noshadow\" href=\"https:\/\/www.facebook.com\/sharer.php?u=https%3A%2F%2Fwww.zunoticia.com%2Fnoticias-de-hidalgo%2F2024%2F03%2F02%2Fconsejeros-y-representantes-de-partidos-conocieron-espacios-a-utilizarse-en-la-jornada-electoral%2F\" target=\"_top\" rel=\"nofollow\"><span class=\"icon\"><\/span><span class=\"text\">Share<\/span><\/a><a class=\"mashicon-twitter mash-large mash-center mashsb-noshadow\" href=\"https:\/\/twitter.com\/intent\/tweet?text=&amp;url=https:\/\/www.zunoticia.com\/noticias-de-hidalgo\/2024\/03\/02\/consejeros-y-representantes-de-partidos-conocieron-espacios-a-utilizarse-en-la-jornada-electoral\/\" target=\"_top\" rel=\"nofollow\"><span class=\"icon\"><\/span><span class=\"text\">Tweet<\/span><\/a><div class=\"onoffswitch2 mash-large mashsb-noshadow\" style=\"display:none\"><\/div><\/div>\n            <\/div>\n                <div style=\"clear:both\"><\/div><div class=\"mashsb-toggle-container\"><\/div><\/aside>\n            <!-- Share buttons by mashshare.net - Version: 4.0.47-->\n<p><em>Por Enedino Hern\u00e1ndez\/Zunoticia<\/em><\/p>\n\n\n\n<p><strong>Huejutla, Hgo<\/strong>.- Con toda oportunidad, los consejeros electorales y representantes de los partidos pol\u00edticos conocieron f\u00edsicamente los espacios que se utilizar\u00e1n el d\u00eda de la jornada electoral del 2 de junio.<\/p>\n\n\n\n<p>El consejero presidente del 01 Consejo Distrital del INE en Huejutla de Reyes, Oscar \u00c1vila Aldana, confirm\u00f3 que, a los consejeros electorales y representantes de los partidos les fueron mostrados estos espacios.<\/p>\n\n\n\n<p>Detall\u00f3 que, a estas personas se les mostr\u00f3 el lugar en donde se colocar\u00e1n las mesas de escrutinio y c\u00f3mputo, el espacio para la guardia militar, la bodega electoral, el Sistema de Informaci\u00f3n de la Jornada Electoral (SIJE) y el PREP.<\/p>\n\n\n\n<p>A\u00f1adi\u00f3 que, con esta acci\u00f3n se les dio a conocer oportunamente a los consejeros y representantes de partidos pol\u00edticos, el avance que se tiene en los preparativos necesarios para el d\u00eda de la jornada electoral del 2 de junio.<\/p>\n\n\n\n<figure class=\"wp-block-gallery has-nested-images columns-default is-cropped wp-block-gallery-1 is-layout-flex wp-block-gallery-is-layout-flex\">\n<figure class=\"wp-block-image size-large\"><img fetchpriority=\"high\" decoding=\"async\" width=\"933\" height=\"524\" data-id=\"529643\" src=\"https:\/\/www.zunoticia.com\/noticias-de-hidalgo\/wp-content\/uploads\/2024\/03\/Zunoticia-Huejutla-1-11.png\" alt=\"\" class=\"wp-image-529643\"\/><\/figure>\n\n\n\n<figure class=\"wp-block-image size-large\"><img decoding=\"async\" width=\"933\" height=\"524\" data-id=\"529642\" src=\"https:\/\/www.zunoticia.com\/noticias-de-hidalgo\/wp-content\/uploads\/2024\/03\/Zunoticia-Huejutla-18.png\" alt=\"\" class=\"wp-image-529642\"\/><\/figure>\n<\/figure>\n","protected":false},"excerpt":{"rendered":"<p>Por Enedino Hern\u00e1ndez\/Zunoticia Huejutla, Hgo.- Con toda oportunidad, los consejeros electorales y representantes de los partidos pol\u00edticos conocieron f\u00edsicamente los espacios que se utilizar\u00e1n el d\u00eda de la jornada electoral del 2 de junio. El consejero presidente del 01 Consejo Distrital del INE en Huejutla de Reyes, Oscar \u00c1vila Aldana, confirm\u00f3 que, a los consejeros&hellip; <a class=\"more-link\" href=\"https:\/\/www.zunoticia.com\/noticias-de-hidalgo\/2024\/03\/02\/consejeros-y-representantes-de-partidos-conocieron-espacios-a-utilizarse-en-la-jornada-electoral\/\">Seguir leyendo <span class=\"screen-reader-text\">Consejeros y representantes de partidos conocieron espacios a utilizarse en la jornada electoral<\/span><\/a><\/p>\n","protected":false},"author":20,"featured_media":529641,"comment_status":"open","ping_status":"open","sticky":false,"template":"","format":"standard","meta":{"rop_custom_images_group":[],"rop_custom_messages_group":[],"rop_publish_now":"initial","rop_publish_now_accounts":{"facebook_10159540855086992_322828327761733":""},"rop_publish_now_history":[],"rop_publish_now_status":"pending","footnotes":""},"categories":[179,181],"tags":[121],"class_list":["post-529640","post","type-post","status-publish","format-standard","has-post-thumbnail","hentry","category-huasteca","category-huejutla","tag-huejutla","entry"],"_links":{"self":[{"href":"https:\/\/www.zunoticia.com\/noticias-de-hidalgo\/wp-json\/wp\/v2\/posts\/529640","targetHints":{"allow":["GET"]}}],"collection":[{"href":"https:\/\/www.zunoticia.com\/noticias-de-hidalgo\/wp-json\/wp\/v2\/posts"}],"about":[{"href":"https:\/\/www.zunoticia.com\/noticias-de-hidalgo\/wp-json\/wp\/v2\/types\/post"}],"author":[{"embeddable":true,"href":"https:\/\/www.zunoticia.com\/noticias-de-hidalgo\/wp-json\/wp\/v2\/users\/20"}],"replies":[{"embeddable":true,"href":"https:\/\/www.zunoticia.com\/noticias-de-hidalgo\/wp-json\/wp\/v2\/comments?post=529640"}],"version-history":[{"count":1,"href":"https:\/\/www.zunoticia.com\/noticias-de-hidalgo\/wp-json\/wp\/v2\/posts\/529640\/revisions"}],"predecessor-version":[{"id":529644,"href":"https:\/\/www.zunoticia.com\/noticias-de-hidalgo\/wp-json\/wp\/v2\/posts\/529640\/revisions\/529644"}],"wp:featuredmedia":[{"embeddable":true,"href":"https:\/\/www.zunoticia.com\/noticias-de-hidalgo\/wp-json\/wp\/v2\/media\/529641"}],"wp:attachment":[{"href":"https:\/\/www.zunoticia.com\/noticias-de-hidalgo\/wp-json\/wp\/v2\/media?parent=529640"}],"wp:term":[{"taxonomy":"category","embeddable":true,"href":"https:\/\/www.zunoticia.com\/noticias-de-hidalgo\/wp-json\/wp\/v2\/categories?post=529640"},{"taxonomy":"post_tag","embeddable":true,"href":"https:\/\/www.zunoticia.com\/noticias-de-hidalgo\/wp-json\/wp\/v2\/tags?post=529640"}],"curies":[{"name":"wp","href":"https:\/\/api.w.org\/{rel}","templated":true}]}}