{"id":529658,"date":"2024-03-02T17:12:32","date_gmt":"2024-03-02T23:12:32","guid":{"rendered":"https:\/\/www.zunoticia.com\/noticias-de-hidalgo\/?p=529658"},"modified":"2024-03-02T18:03:43","modified_gmt":"2024-03-03T00:03:43","slug":"marchara-colectivo-feminista-por-el-dia-internacional-de-la-mujer","status":"publish","type":"post","link":"https:\/\/www.zunoticia.com\/noticias-de-hidalgo\/2024\/03\/02\/marchara-colectivo-feminista-por-el-dia-internacional-de-la-mujer\/","title":{"rendered":"Marchar\u00e1 Colectivo Feminista por el D\u00eda Internacional de la Mujer"},"content":{"rendered":"<aside class=\"mashsb-container mashsb-main mashsb-stretched\"><div class=\"mashsb-box\"><div class=\"mashsb-count mash-large\" style=\"float:left\"><div class=\"counts mashsbcount\">3<\/div><span class=\"mashsb-sharetext\">SHARES<\/span><\/div><div class=\"mashsb-buttons\"><a class=\"mashicon-facebook mash-large mash-center mashsb-noshadow\" href=\"https:\/\/www.facebook.com\/sharer.php?u=https%3A%2F%2Fwww.zunoticia.com%2Fnoticias-de-hidalgo%2F2024%2F03%2F02%2Fmarchara-colectivo-feminista-por-el-dia-internacional-de-la-mujer%2F\" target=\"_top\" rel=\"nofollow\"><span class=\"icon\"><\/span><span class=\"text\">Share<\/span><\/a><a class=\"mashicon-twitter mash-large mash-center mashsb-noshadow\" href=\"https:\/\/twitter.com\/intent\/tweet?text=&amp;url=https:\/\/www.zunoticia.com\/noticias-de-hidalgo\/2024\/03\/02\/marchara-colectivo-feminista-por-el-dia-internacional-de-la-mujer\/\" target=\"_top\" rel=\"nofollow\"><span class=\"icon\"><\/span><span class=\"text\">Tweet<\/span><\/a><div class=\"onoffswitch2 mash-large mashsb-noshadow\" style=\"display:none\"><\/div><\/div>\n            <\/div>\n                <div style=\"clear:both\"><\/div><div class=\"mashsb-toggle-container\"><\/div><\/aside>\n            <!-- Share buttons by mashshare.net - Version: 4.0.47-->\n<p><\/p>\n\n\n\n<p><em>Por Enedino Hern\u00e1ndez\/Zunoticia<\/em><\/p>\n\n\n\n<p><strong>Huejutla, Hgo<\/strong>.- Con motivo del D\u00eda Internacional de la Mujer previsto para el d\u00eda 8 de marzo, las integrantes del Colectivo Feminista de la Huasteca \u201cTetik Siuatl\u201d confirmaron que volver\u00e1n a las calles con una marcha.<\/p>\n\n\n\n<p>Bajo el llamado \u201cAlerta, est\u00e1n listas\u201d las integrantes del Colectivo Feminista de la Huasteca Tetik Siuatl emiti\u00f3 su convocatoria a la Marcha #8M Volveremos a las calles, porque la Huasteca es y ser\u00e1 feminista.<\/p>\n\n\n\n<p>Asimismo, detallan \u201cnos vemos este #8M para juntas seguir luchando por nuestros derechos, les esperamos\u201d. La actividad se realizar\u00e1 en la Plaza 21 de Mayo de esta ciudad de Huejutla de Reyes, a partir de las 17:00 horas, cinco de la tarde.<\/p>\n\n\n\n<p>Es importante se\u00f1alar que el 8 de marzo el Colectivo Feminista de la Huasteca \u201cTetik Siuatl\u201d contempla realizar un c\u00edrculo de mujeres, bazar, marcha, as\u00ed como la elaboraci\u00f3n de carteles.<\/p>\n\n\n\n<figure class=\"wp-block-image size-large\"><img fetchpriority=\"high\" decoding=\"async\" width=\"1140\" height=\"712\" src=\"https:\/\/www.zunoticia.com\/noticias-de-hidalgo\/wp-content\/uploads\/2024\/03\/eZy_watermark_02-03-2024_05-09-44.jpg\" alt=\"\" class=\"wp-image-529657\"\/><figcaption class=\"wp-element-caption\">Marchar\u00e1 Colectivo Feminista por el D\u00eda Internacional de la Mujer (Im\u00e1genes del evento similar del a\u00f1o pasado).<\/figcaption><\/figure>\n","protected":false},"excerpt":{"rendered":"<p>Por Enedino Hern\u00e1ndez\/Zunoticia Huejutla, Hgo.- Con motivo del D\u00eda Internacional de la Mujer previsto para el d\u00eda 8 de marzo, las integrantes del Colectivo Feminista de la Huasteca \u201cTetik Siuatl\u201d confirmaron que volver\u00e1n a las calles con una marcha. Bajo el llamado \u201cAlerta, est\u00e1n listas\u201d las integrantes del Colectivo Feminista de la Huasteca Tetik Siuatl&hellip; <a class=\"more-link\" href=\"https:\/\/www.zunoticia.com\/noticias-de-hidalgo\/2024\/03\/02\/marchara-colectivo-feminista-por-el-dia-internacional-de-la-mujer\/\">Seguir leyendo <span class=\"screen-reader-text\">Marchar\u00e1 Colectivo Feminista por el D\u00eda Internacional de la Mujer<\/span><\/a><\/p>\n","protected":false},"author":20,"featured_media":529656,"comment_status":"open","ping_status":"open","sticky":false,"template":"","format":"standard","meta":{"rop_custom_images_group":[],"rop_custom_messages_group":[],"rop_publish_now":"initial","rop_publish_now_accounts":{"facebook_10159540855086992_322828327761733":""},"rop_publish_now_history":[],"rop_publish_now_status":"pending","footnotes":""},"categories":[181],"tags":[121],"class_list":["post-529658","post","type-post","status-publish","format-standard","has-post-thumbnail","hentry","category-huejutla","tag-huejutla","entry"],"_links":{"self":[{"href":"https:\/\/www.zunoticia.com\/noticias-de-hidalgo\/wp-json\/wp\/v2\/posts\/529658","targetHints":{"allow":["GET"]}}],"collection":[{"href":"https:\/\/www.zunoticia.com\/noticias-de-hidalgo\/wp-json\/wp\/v2\/posts"}],"about":[{"href":"https:\/\/www.zunoticia.com\/noticias-de-hidalgo\/wp-json\/wp\/v2\/types\/post"}],"author":[{"embeddable":true,"href":"https:\/\/www.zunoticia.com\/noticias-de-hidalgo\/wp-json\/wp\/v2\/users\/20"}],"replies":[{"embeddable":true,"href":"https:\/\/www.zunoticia.com\/noticias-de-hidalgo\/wp-json\/wp\/v2\/comments?post=529658"}],"version-history":[{"count":2,"href":"https:\/\/www.zunoticia.com\/noticias-de-hidalgo\/wp-json\/wp\/v2\/posts\/529658\/revisions"}],"predecessor-version":[{"id":529660,"href":"https:\/\/www.zunoticia.com\/noticias-de-hidalgo\/wp-json\/wp\/v2\/posts\/529658\/revisions\/529660"}],"wp:featuredmedia":[{"embeddable":true,"href":"https:\/\/www.zunoticia.com\/noticias-de-hidalgo\/wp-json\/wp\/v2\/media\/529656"}],"wp:attachment":[{"href":"https:\/\/www.zunoticia.com\/noticias-de-hidalgo\/wp-json\/wp\/v2\/media?parent=529658"}],"wp:term":[{"taxonomy":"category","embeddable":true,"href":"https:\/\/www.zunoticia.com\/noticias-de-hidalgo\/wp-json\/wp\/v2\/categories?post=529658"},{"taxonomy":"post_tag","embeddable":true,"href":"https:\/\/www.zunoticia.com\/noticias-de-hidalgo\/wp-json\/wp\/v2\/tags?post=529658"}],"curies":[{"name":"wp","href":"https:\/\/api.w.org\/{rel}","templated":true}]}}