{"id":529661,"date":"2024-03-02T18:14:04","date_gmt":"2024-03-03T00:14:04","guid":{"rendered":"https:\/\/www.zunoticia.com\/noticias-de-hidalgo\/?p=529661"},"modified":"2024-03-02T18:14:07","modified_gmt":"2024-03-03T00:14:07","slug":"celebraran-parrilla-fest-2024-este-fin-de-semana-en-mineral-de-la-reforma","status":"publish","type":"post","link":"https:\/\/www.zunoticia.com\/noticias-de-hidalgo\/2024\/03\/02\/celebraran-parrilla-fest-2024-este-fin-de-semana-en-mineral-de-la-reforma\/","title":{"rendered":"Celebrar\u00e1n Parrilla Fest 2024 este fin de semana, en Mineral de la Reforma"},"content":{"rendered":"<aside class=\"mashsb-container mashsb-main mashsb-stretched\"><div class=\"mashsb-box\"><div class=\"mashsb-count mash-large\" style=\"float:left\"><div class=\"counts mashsbcount\">15<\/div><span class=\"mashsb-sharetext\">SHARES<\/span><\/div><div class=\"mashsb-buttons\"><a class=\"mashicon-facebook mash-large mash-center mashsb-noshadow\" href=\"https:\/\/www.facebook.com\/sharer.php?u=https%3A%2F%2Fwww.zunoticia.com%2Fnoticias-de-hidalgo%2F2024%2F03%2F02%2Fcelebraran-parrilla-fest-2024-este-fin-de-semana-en-mineral-de-la-reforma%2F\" target=\"_top\" rel=\"nofollow\"><span class=\"icon\"><\/span><span class=\"text\">Share<\/span><\/a><a class=\"mashicon-twitter mash-large mash-center mashsb-noshadow\" href=\"https:\/\/twitter.com\/intent\/tweet?text=&amp;url=https:\/\/www.zunoticia.com\/noticias-de-hidalgo\/2024\/03\/02\/celebraran-parrilla-fest-2024-este-fin-de-semana-en-mineral-de-la-reforma\/\" target=\"_top\" rel=\"nofollow\"><span class=\"icon\"><\/span><span class=\"text\">Tweet<\/span><\/a><div class=\"onoffswitch2 mash-large mashsb-noshadow\" style=\"display:none\"><\/div><\/div>\n            <\/div>\n                <div style=\"clear:both\"><\/div><div class=\"mashsb-toggle-container\"><\/div><\/aside>\n            <!-- Share buttons by mashshare.net - Version: 4.0.47-->\n<ul class=\"wp-block-list\">\n<li>Se espera una afluencia de 7 mil personas; Participar\u00e1n 12 parrilleros hidalguenses&nbsp;&nbsp;<\/li>\n<\/ul>\n\n\n\n<p><em>Por Redacci\u00f3n\/Zunoticia<\/em><\/p>\n\n\n\n<p><strong>Mineral de la Reforma, Hgo.-<\/strong> La XV edici\u00f3n del Parrilla Fest 2024 se realizar\u00e1 los d\u00edas 2 y 3 de marzo en la Plaza de la Justicia de Mineral de la Reforma, a partir de las 10:00 de la ma\u00f1ana y hasta las 22:00 horas.<\/p>\n\n\n\n<p>Los organizadores del evento, Gabriel Perales y Gustavo Galicia, informaron que los visitantes se podr\u00e1n deleitar con las especialidades de 12 talentosos parrilleros hidalguenses y disfrutar el colorido del Pabell\u00f3n Artesanal con expositores del estado de Oaxaca.<\/p>\n\n\n\n<p>Explicaron que el evento se realizar\u00e1 en un ambiente familiar, pues habr\u00e1 diversas actividades culturales y recreativas, como zona infantil, concursos, toro mec\u00e1nico, expositores de gastronom\u00eda, productos y servicios hidalguenses, espect\u00e1culos con banda de rock, artista vers\u00e1til y el Norte\u00f1o Banda Reyes de Hidalgo, exposici\u00f3n de cerveza artesanal, rodada nocturna con Aventureros Pachuca MC, entre otras sorpresas.<\/p>\n\n\n\n<p>Perales detall\u00f3 que quienes acudan podr\u00e1n encontrar especialidades, entre las que destacan t\u00e9cnicas hidalguenses ancestrales de asado, agua chile de pica\u00f1a, trompo de pastor negro de jabal\u00ed, de \u201cTacon Madre\u201d, establecimiento que gan\u00f3 la semana pasada el premio a la mejor taquer\u00eda en la Ciudad de M\u00e9xico; adem\u00e1s, estar\u00e1 presente la Granja Lomas, con sus cortes finos de cordero.<\/p>\n\n\n\n<p>En su intervenci\u00f3n, Galicia precis\u00f3 que estos eventos incentivan la derrama econ\u00f3mica para el municipio e incluso para la regi\u00f3n, \u201cpues se prev\u00e9 que la afluencia supere las 7 mil personas que tuvimos el a\u00f1o pasado\u201d.&nbsp;<\/p>\n\n\n\n<p>Finalmente, los organizadores de Parrilla Fest 2024 expresaron que \u201cse trata de una red de comercio local que est\u00e1 trabajando por enriquecer la econom\u00eda circular del estado de Hidalgo\u201d, por lo que invitaron a disfrutar de las delicias culinarias que ofrecer\u00e1n.<\/p>\n\n\n\n<figure class=\"wp-block-image size-full\"><img fetchpriority=\"high\" decoding=\"async\" width=\"933\" height=\"524\" src=\"https:\/\/www.zunoticia.com\/noticias-de-hidalgo\/wp-content\/uploads\/2024\/03\/Zunoticia-Huejutla-1-12.png\" alt=\"\" class=\"wp-image-529663\"\/><\/figure>\n","protected":false},"excerpt":{"rendered":"<p>Por Redacci\u00f3n\/Zunoticia Mineral de la Reforma, Hgo.- La XV edici\u00f3n del Parrilla Fest 2024 se realizar\u00e1 los d\u00edas 2 y 3 de marzo en la Plaza de la Justicia de Mineral de la Reforma, a partir de las 10:00 de la ma\u00f1ana y hasta las 22:00 horas. Los organizadores del evento, Gabriel Perales y Gustavo&hellip; <a class=\"more-link\" href=\"https:\/\/www.zunoticia.com\/noticias-de-hidalgo\/2024\/03\/02\/celebraran-parrilla-fest-2024-este-fin-de-semana-en-mineral-de-la-reforma\/\">Seguir leyendo <span class=\"screen-reader-text\">Celebrar\u00e1n Parrilla Fest 2024 este fin de semana, en Mineral de la Reforma<\/span><\/a><\/p>\n","protected":false},"author":20,"featured_media":529662,"comment_status":"open","ping_status":"open","sticky":false,"template":"","format":"standard","meta":{"rop_custom_images_group":[],"rop_custom_messages_group":[],"rop_publish_now":"initial","rop_publish_now_accounts":{"facebook_10159540855086992_322828327761733":""},"rop_publish_now_history":[],"rop_publish_now_status":"pending","footnotes":""},"categories":[208],"tags":[214],"class_list":["post-529661","post","type-post","status-publish","format-standard","has-post-thumbnail","hentry","category-estado","tag-estado","entry"],"_links":{"self":[{"href":"https:\/\/www.zunoticia.com\/noticias-de-hidalgo\/wp-json\/wp\/v2\/posts\/529661","targetHints":{"allow":["GET"]}}],"collection":[{"href":"https:\/\/www.zunoticia.com\/noticias-de-hidalgo\/wp-json\/wp\/v2\/posts"}],"about":[{"href":"https:\/\/www.zunoticia.com\/noticias-de-hidalgo\/wp-json\/wp\/v2\/types\/post"}],"author":[{"embeddable":true,"href":"https:\/\/www.zunoticia.com\/noticias-de-hidalgo\/wp-json\/wp\/v2\/users\/20"}],"replies":[{"embeddable":true,"href":"https:\/\/www.zunoticia.com\/noticias-de-hidalgo\/wp-json\/wp\/v2\/comments?post=529661"}],"version-history":[{"count":1,"href":"https:\/\/www.zunoticia.com\/noticias-de-hidalgo\/wp-json\/wp\/v2\/posts\/529661\/revisions"}],"predecessor-version":[{"id":529664,"href":"https:\/\/www.zunoticia.com\/noticias-de-hidalgo\/wp-json\/wp\/v2\/posts\/529661\/revisions\/529664"}],"wp:featuredmedia":[{"embeddable":true,"href":"https:\/\/www.zunoticia.com\/noticias-de-hidalgo\/wp-json\/wp\/v2\/media\/529662"}],"wp:attachment":[{"href":"https:\/\/www.zunoticia.com\/noticias-de-hidalgo\/wp-json\/wp\/v2\/media?parent=529661"}],"wp:term":[{"taxonomy":"category","embeddable":true,"href":"https:\/\/www.zunoticia.com\/noticias-de-hidalgo\/wp-json\/wp\/v2\/categories?post=529661"},{"taxonomy":"post_tag","embeddable":true,"href":"https:\/\/www.zunoticia.com\/noticias-de-hidalgo\/wp-json\/wp\/v2\/tags?post=529661"}],"curies":[{"name":"wp","href":"https:\/\/api.w.org\/{rel}","templated":true}]}}