{"id":529699,"date":"2024-03-02T23:05:25","date_gmt":"2024-03-03T05:05:25","guid":{"rendered":"https:\/\/www.zunoticia.com\/noticias-de-hidalgo\/?p=529699"},"modified":"2024-03-02T23:05:28","modified_gmt":"2024-03-03T05:05:28","slug":"presentan-oferta-educativa-de-nivel-medio-superior-y-superior-en-ixmiquilpan","status":"publish","type":"post","link":"https:\/\/www.zunoticia.com\/noticias-de-hidalgo\/2024\/03\/02\/presentan-oferta-educativa-de-nivel-medio-superior-y-superior-en-ixmiquilpan\/","title":{"rendered":"Presentan oferta educativa de nivel medio superior y superior en Ixmiquilpan"},"content":{"rendered":"<aside class=\"mashsb-container mashsb-main mashsb-stretched\"><div class=\"mashsb-box\"><div class=\"mashsb-count mash-large\" style=\"float:left\"><div class=\"counts mashsbcount\">23<\/div><span class=\"mashsb-sharetext\">SHARES<\/span><\/div><div class=\"mashsb-buttons\"><a class=\"mashicon-facebook mash-large mash-center mashsb-noshadow\" href=\"https:\/\/www.facebook.com\/sharer.php?u=https%3A%2F%2Fwww.zunoticia.com%2Fnoticias-de-hidalgo%2F2024%2F03%2F02%2Fpresentan-oferta-educativa-de-nivel-medio-superior-y-superior-en-ixmiquilpan%2F\" target=\"_top\" rel=\"nofollow\"><span class=\"icon\"><\/span><span class=\"text\">Share<\/span><\/a><a class=\"mashicon-twitter mash-large mash-center mashsb-noshadow\" href=\"https:\/\/twitter.com\/intent\/tweet?text=&amp;url=https:\/\/www.zunoticia.com\/noticias-de-hidalgo\/2024\/03\/02\/presentan-oferta-educativa-de-nivel-medio-superior-y-superior-en-ixmiquilpan\/\" target=\"_top\" rel=\"nofollow\"><span class=\"icon\"><\/span><span class=\"text\">Tweet<\/span><\/a><div class=\"onoffswitch2 mash-large mashsb-noshadow\" style=\"display:none\"><\/div><\/div>\n            <\/div>\n                <div style=\"clear:both\"><\/div><div class=\"mashsb-toggle-container\"><\/div><\/aside>\n            <!-- Share buttons by mashshare.net - Version: 4.0.47-->\n<ul class=\"wp-block-list\">\n<li>A trav\u00e9s de m\u00f3dulos colocados en la plaza p\u00fablica, quienes est\u00e9n interesados en continuar con sus estudios pueden entrevistarse con tutores de los diferentes planteles para encontrar la mejor opci\u00f3n acad\u00e9mica para su futuro.<\/li>\n<\/ul>\n\n\n\n<p><em>Por Redacci\u00f3n\/Zunoticia<\/em><\/p>\n\n\n\n<p><strong>Ixmiquilpan, Hgo.-<\/strong> Frente a la Diana Cazadora, en el jard\u00edn principal del municipio de Ixmiquilpan, se realiz\u00f3 el evento \u201cS\u00e1bados de las Bellas Artes\u201d, espacio educativo-cultural que permite a las instituciones de nivel medio superior y superior de Hidalgo, acercarse a las juventudes de nuestra entidad para presentar los programas educativos con los que cuentan.<\/p>\n\n\n\n<p>A trav\u00e9s de m\u00f3dulos colocados en la plaza p\u00fablica, quienes est\u00e9n interesados en continuar con sus estudios pueden entrevistarse con tutores de los diferentes planteles para encontrar la mejor opci\u00f3n acad\u00e9mica para su futuro.<\/p>\n\n\n\n<figure class=\"wp-block-image size-full\"><img fetchpriority=\"high\" decoding=\"async\" width=\"1200\" height=\"630\" src=\"https:\/\/www.zunoticia.com\/noticias-de-hidalgo\/wp-content\/uploads\/2024\/03\/oferta2.jpg\" alt=\"\" class=\"wp-image-529700\"\/><\/figure>\n\n\n\n<p>De igual forma, en este espacio alumnas y alumnos de las universidades y bachilleratos llevan a cabo actividades culturales como son canto, baile, oratoria y m\u00fasica, as\u00ed amenizan el evento y demuestran lo aprendido en sus clases extracurriculares.<\/p>\n\n\n\n<p>Las instituciones educativas que se presentaron en esta edici\u00f3n de \u201cS\u00e1bados de las Bellas Artes\u201d fueron la Universidad Tecnol\u00f3gica del Valle del Mezquital (UTVM), la Universidad Tecnol\u00f3gica Tula- Tepeji (UTTT), la Universidad Polit\u00e9cnica de la Energ\u00eda (UPE), la Universidad Polit\u00e9cnica de Francisco I. Madero (UPFM), COBAEH, ICATHI, CONALEP, CECYTEH, BEH, UNIDEH, ITSOEH y la Escuela de M\u00fasica del Estado.<\/p>\n","protected":false},"excerpt":{"rendered":"<p>Por Redacci\u00f3n\/Zunoticia Ixmiquilpan, Hgo.- Frente a la Diana Cazadora, en el jard\u00edn principal del municipio de Ixmiquilpan, se realiz\u00f3 el evento \u201cS\u00e1bados de las Bellas Artes\u201d, espacio educativo-cultural que permite a las instituciones de nivel medio superior y superior de Hidalgo, acercarse a las juventudes de nuestra entidad para presentar los programas educativos con los&hellip; <a class=\"more-link\" href=\"https:\/\/www.zunoticia.com\/noticias-de-hidalgo\/2024\/03\/02\/presentan-oferta-educativa-de-nivel-medio-superior-y-superior-en-ixmiquilpan\/\">Seguir leyendo <span class=\"screen-reader-text\">Presentan oferta educativa de nivel medio superior y superior en Ixmiquilpan<\/span><\/a><\/p>\n","protected":false},"author":13,"featured_media":529707,"comment_status":"open","ping_status":"open","sticky":false,"template":"","format":"standard","meta":{"rop_custom_images_group":[],"rop_custom_messages_group":[],"rop_publish_now":"initial","rop_publish_now_accounts":{"facebook_10159540855086992_322828327761733":""},"rop_publish_now_history":[],"rop_publish_now_status":"pending","footnotes":""},"categories":[208],"tags":[214],"class_list":["post-529699","post","type-post","status-publish","format-standard","has-post-thumbnail","hentry","category-estado","tag-estado","entry"],"_links":{"self":[{"href":"https:\/\/www.zunoticia.com\/noticias-de-hidalgo\/wp-json\/wp\/v2\/posts\/529699","targetHints":{"allow":["GET"]}}],"collection":[{"href":"https:\/\/www.zunoticia.com\/noticias-de-hidalgo\/wp-json\/wp\/v2\/posts"}],"about":[{"href":"https:\/\/www.zunoticia.com\/noticias-de-hidalgo\/wp-json\/wp\/v2\/types\/post"}],"author":[{"embeddable":true,"href":"https:\/\/www.zunoticia.com\/noticias-de-hidalgo\/wp-json\/wp\/v2\/users\/13"}],"replies":[{"embeddable":true,"href":"https:\/\/www.zunoticia.com\/noticias-de-hidalgo\/wp-json\/wp\/v2\/comments?post=529699"}],"version-history":[{"count":1,"href":"https:\/\/www.zunoticia.com\/noticias-de-hidalgo\/wp-json\/wp\/v2\/posts\/529699\/revisions"}],"predecessor-version":[{"id":529708,"href":"https:\/\/www.zunoticia.com\/noticias-de-hidalgo\/wp-json\/wp\/v2\/posts\/529699\/revisions\/529708"}],"wp:featuredmedia":[{"embeddable":true,"href":"https:\/\/www.zunoticia.com\/noticias-de-hidalgo\/wp-json\/wp\/v2\/media\/529707"}],"wp:attachment":[{"href":"https:\/\/www.zunoticia.com\/noticias-de-hidalgo\/wp-json\/wp\/v2\/media?parent=529699"}],"wp:term":[{"taxonomy":"category","embeddable":true,"href":"https:\/\/www.zunoticia.com\/noticias-de-hidalgo\/wp-json\/wp\/v2\/categories?post=529699"},{"taxonomy":"post_tag","embeddable":true,"href":"https:\/\/www.zunoticia.com\/noticias-de-hidalgo\/wp-json\/wp\/v2\/tags?post=529699"}],"curies":[{"name":"wp","href":"https:\/\/api.w.org\/{rel}","templated":true}]}}