{"id":529709,"date":"2024-03-02T23:07:33","date_gmt":"2024-03-03T05:07:33","guid":{"rendered":"https:\/\/www.zunoticia.com\/noticias-de-hidalgo\/?p=529709"},"modified":"2024-03-02T23:07:37","modified_gmt":"2024-03-03T05:07:37","slug":"sancionan-a-automovilista-y-motociclista-por-manejar-ebrios","status":"publish","type":"post","link":"https:\/\/www.zunoticia.com\/noticias-de-hidalgo\/2024\/03\/02\/sancionan-a-automovilista-y-motociclista-por-manejar-ebrios\/","title":{"rendered":"Sancionan a automovilista y motociclista por manejar ebrios"},"content":{"rendered":"<aside class=\"mashsb-container mashsb-main mashsb-stretched\"><div class=\"mashsb-box\"><div class=\"mashsb-count mash-large\" style=\"float:left\"><div class=\"counts mashsbcount\">56<\/div><span class=\"mashsb-sharetext\">SHARES<\/span><\/div><div class=\"mashsb-buttons\"><a class=\"mashicon-facebook mash-large mash-center mashsb-noshadow\" href=\"https:\/\/www.facebook.com\/sharer.php?u=https%3A%2F%2Fwww.zunoticia.com%2Fnoticias-de-hidalgo%2F2024%2F03%2F02%2Fsancionan-a-automovilista-y-motociclista-por-manejar-ebrios%2F\" target=\"_top\" rel=\"nofollow\"><span class=\"icon\"><\/span><span class=\"text\">Share<\/span><\/a><a class=\"mashicon-twitter mash-large mash-center mashsb-noshadow\" href=\"https:\/\/twitter.com\/intent\/tweet?text=&amp;url=https:\/\/www.zunoticia.com\/noticias-de-hidalgo\/2024\/03\/02\/sancionan-a-automovilista-y-motociclista-por-manejar-ebrios\/\" target=\"_top\" rel=\"nofollow\"><span class=\"icon\"><\/span><span class=\"text\">Tweet<\/span><\/a><div class=\"onoffswitch2 mash-large mashsb-noshadow\" style=\"display:none\"><\/div><\/div>\n            <\/div>\n                <div style=\"clear:both\"><\/div><div class=\"mashsb-toggle-container\"><\/div><\/aside>\n            <!-- Share buttons by mashshare.net - Version: 4.0.47-->\n<ul class=\"wp-block-list\">\n<li>Adem\u00e1s, no contaban con los papeles necesarios de su veh\u00edculo, ni su licencia de conducir.<\/li>\n<\/ul>\n\n\n\n<p><em>Por Roberto Meza\/Zunoticia<\/em><\/p>\n\n\n\n<p><strong>Huejutla, Hgo. &#8211;<\/strong> Un automovilista y un motociclista fueron sancionados por no contar con la licencia y documentaci\u00f3n de los veh\u00edculos, fue en un filtro de revisi\u00f3n sobre la v\u00eda federal M\u00e9xico-Tampico a la altura de pinturas Comex que le hicieron el alto.<\/p>\n\n\n\n<p>Asimismo, al llevar a cabo la revisi\u00f3n de rutina,&nbsp; estos conductores no llevaban ni licencia de manejo, ni documentos del carro, por eso es que fueron requeridos por las autoridades de Seguridad P\u00fablica Municipal.<\/p>\n\n\n\n<p>La polic\u00eda inform\u00f3 que ambos conductores iban ebrios y se les sancion\u00f3 llevando sus veh\u00edculos al corral\u00f3n, ya que no mostraron sus documentos, su caso fue turnado ante las autoridades.<\/p>\n\n\n\n<p>Ser\u00e1 el juez municipal quien determine su caso de acuerdo con el bando de polic\u00eda y buen gobierno, ya que aparte ambos conductores intentaron agredir a la polic\u00eda por hacerles esta observaci\u00f3n.<\/p>\n","protected":false},"excerpt":{"rendered":"<p>Por Roberto Meza\/Zunoticia Huejutla, Hgo. &#8211; Un automovilista y un motociclista fueron sancionados por no contar con la licencia y documentaci\u00f3n de los veh\u00edculos, fue en un filtro de revisi\u00f3n sobre la v\u00eda federal M\u00e9xico-Tampico a la altura de pinturas Comex que le hicieron el alto. Asimismo, al llevar a cabo la revisi\u00f3n de rutina,&nbsp;&hellip; <a class=\"more-link\" href=\"https:\/\/www.zunoticia.com\/noticias-de-hidalgo\/2024\/03\/02\/sancionan-a-automovilista-y-motociclista-por-manejar-ebrios\/\">Seguir leyendo <span class=\"screen-reader-text\">Sancionan a automovilista y motociclista por manejar ebrios<\/span><\/a><\/p>\n","protected":false},"author":13,"featured_media":529701,"comment_status":"open","ping_status":"open","sticky":false,"template":"","format":"standard","meta":{"rop_custom_images_group":[],"rop_custom_messages_group":[],"rop_publish_now":"initial","rop_publish_now_accounts":{"facebook_10159540855086992_322828327761733":""},"rop_publish_now_history":[],"rop_publish_now_status":"pending","footnotes":""},"categories":[178],"tags":[121,259],"class_list":["post-529709","post","type-post","status-publish","format-standard","has-post-thumbnail","hentry","category-policiaca","tag-huejutla","tag-policiaca","entry"],"_links":{"self":[{"href":"https:\/\/www.zunoticia.com\/noticias-de-hidalgo\/wp-json\/wp\/v2\/posts\/529709","targetHints":{"allow":["GET"]}}],"collection":[{"href":"https:\/\/www.zunoticia.com\/noticias-de-hidalgo\/wp-json\/wp\/v2\/posts"}],"about":[{"href":"https:\/\/www.zunoticia.com\/noticias-de-hidalgo\/wp-json\/wp\/v2\/types\/post"}],"author":[{"embeddable":true,"href":"https:\/\/www.zunoticia.com\/noticias-de-hidalgo\/wp-json\/wp\/v2\/users\/13"}],"replies":[{"embeddable":true,"href":"https:\/\/www.zunoticia.com\/noticias-de-hidalgo\/wp-json\/wp\/v2\/comments?post=529709"}],"version-history":[{"count":1,"href":"https:\/\/www.zunoticia.com\/noticias-de-hidalgo\/wp-json\/wp\/v2\/posts\/529709\/revisions"}],"predecessor-version":[{"id":529710,"href":"https:\/\/www.zunoticia.com\/noticias-de-hidalgo\/wp-json\/wp\/v2\/posts\/529709\/revisions\/529710"}],"wp:featuredmedia":[{"embeddable":true,"href":"https:\/\/www.zunoticia.com\/noticias-de-hidalgo\/wp-json\/wp\/v2\/media\/529701"}],"wp:attachment":[{"href":"https:\/\/www.zunoticia.com\/noticias-de-hidalgo\/wp-json\/wp\/v2\/media?parent=529709"}],"wp:term":[{"taxonomy":"category","embeddable":true,"href":"https:\/\/www.zunoticia.com\/noticias-de-hidalgo\/wp-json\/wp\/v2\/categories?post=529709"},{"taxonomy":"post_tag","embeddable":true,"href":"https:\/\/www.zunoticia.com\/noticias-de-hidalgo\/wp-json\/wp\/v2\/tags?post=529709"}],"curies":[{"name":"wp","href":"https:\/\/api.w.org\/{rel}","templated":true}]}}