{"id":529807,"date":"2024-03-04T00:53:29","date_gmt":"2024-03-04T06:53:29","guid":{"rendered":"https:\/\/www.zunoticia.com\/noticias-de-hidalgo\/?p=529807"},"modified":"2024-03-04T00:54:29","modified_gmt":"2024-03-04T06:54:29","slug":"percance-vial-solo-dejo-danos-materiales","status":"publish","type":"post","link":"https:\/\/www.zunoticia.com\/noticias-de-hidalgo\/2024\/03\/04\/percance-vial-solo-dejo-danos-materiales\/","title":{"rendered":"Percance vial s\u00f3lo dej\u00f3 da\u00f1os materiales"},"content":{"rendered":"<aside class=\"mashsb-container mashsb-main mashsb-stretched\"><div class=\"mashsb-box\"><div class=\"mashsb-count mash-large\" style=\"float:left\"><div class=\"counts mashsbcount\">52<\/div><span class=\"mashsb-sharetext\">SHARES<\/span><\/div><div class=\"mashsb-buttons\"><a class=\"mashicon-facebook mash-large mash-center mashsb-noshadow\" href=\"https:\/\/www.facebook.com\/sharer.php?u=https%3A%2F%2Fwww.zunoticia.com%2Fnoticias-de-hidalgo%2F2024%2F03%2F04%2Fpercance-vial-solo-dejo-danos-materiales%2F\" target=\"_top\" rel=\"nofollow\"><span class=\"icon\"><\/span><span class=\"text\">Share<\/span><\/a><a class=\"mashicon-twitter mash-large mash-center mashsb-noshadow\" href=\"https:\/\/twitter.com\/intent\/tweet?text=&amp;url=https:\/\/www.zunoticia.com\/noticias-de-hidalgo\/2024\/03\/04\/percance-vial-solo-dejo-danos-materiales\/\" target=\"_top\" rel=\"nofollow\"><span class=\"icon\"><\/span><span class=\"text\">Tweet<\/span><\/a><div class=\"onoffswitch2 mash-large mashsb-noshadow\" style=\"display:none\"><\/div><\/div>\n            <\/div>\n                <div style=\"clear:both\"><\/div><div class=\"mashsb-toggle-container\"><\/div><\/aside>\n            <!-- Share buttons by mashshare.net - Version: 4.0.47-->\n<p><em>Por Francisco Rosas\/Zunoticia<\/em><\/p>\n\n\n\n<p><strong>Huejutla, Hgo. &#8211;<\/strong> Un percance entre un veh\u00edculo del servicio del transporte p\u00fablico y un coche particular, que se registr\u00f3 la tarde de este domingo 03 de marzo, en la avenida Ju\u00e1rez de la zona centro de esta ciudad, dej\u00f3 como saldo s\u00f3lo da\u00f1os materiales.<\/p>\n\n\n\n<p>Seg\u00fan el reporte de las autoridades polic\u00edacas, en el lugar, una Urvan de la ruta Palzoquiapa- Tepexititla-Zapotitla-Chililico, colision\u00f3 contra un coche tipo Chevy de color blanco, luego de que uno de los conductores perdiera el control del volante.<\/p>\n\n\n\n<p>Elementos de la direcci\u00f3n de Seguridad P\u00fablica y Tr\u00e1nsito Municipal, llegaron al lugar para realizar el deslinde de responsabilidades y de esta manera remolcaron las unidades involucradas al corral\u00f3n para que llegaran a un acuerdo entre los conductores.<\/p>\n","protected":false},"excerpt":{"rendered":"<p>Por Francisco Rosas\/Zunoticia Huejutla, Hgo. &#8211; Un percance entre un veh\u00edculo del servicio del transporte p\u00fablico y un coche particular, que se registr\u00f3 la tarde de este domingo 03 de marzo, en la avenida Ju\u00e1rez de la zona centro de esta ciudad, dej\u00f3 como saldo s\u00f3lo da\u00f1os materiales. Seg\u00fan el reporte de las autoridades polic\u00edacas,&hellip; <a class=\"more-link\" href=\"https:\/\/www.zunoticia.com\/noticias-de-hidalgo\/2024\/03\/04\/percance-vial-solo-dejo-danos-materiales\/\">Seguir leyendo <span class=\"screen-reader-text\">Percance vial s\u00f3lo dej\u00f3 da\u00f1os materiales<\/span><\/a><\/p>\n","protected":false},"author":22,"featured_media":529808,"comment_status":"open","ping_status":"open","sticky":false,"template":"","format":"standard","meta":{"rop_custom_images_group":[],"rop_custom_messages_group":[],"rop_publish_now":"initial","rop_publish_now_accounts":{"facebook_10159540855086992_322828327761733":""},"rop_publish_now_history":[],"rop_publish_now_status":"pending","footnotes":""},"categories":[178],"tags":[121],"class_list":["post-529807","post","type-post","status-publish","format-standard","has-post-thumbnail","hentry","category-policiaca","tag-huejutla","entry"],"_links":{"self":[{"href":"https:\/\/www.zunoticia.com\/noticias-de-hidalgo\/wp-json\/wp\/v2\/posts\/529807","targetHints":{"allow":["GET"]}}],"collection":[{"href":"https:\/\/www.zunoticia.com\/noticias-de-hidalgo\/wp-json\/wp\/v2\/posts"}],"about":[{"href":"https:\/\/www.zunoticia.com\/noticias-de-hidalgo\/wp-json\/wp\/v2\/types\/post"}],"author":[{"embeddable":true,"href":"https:\/\/www.zunoticia.com\/noticias-de-hidalgo\/wp-json\/wp\/v2\/users\/22"}],"replies":[{"embeddable":true,"href":"https:\/\/www.zunoticia.com\/noticias-de-hidalgo\/wp-json\/wp\/v2\/comments?post=529807"}],"version-history":[{"count":1,"href":"https:\/\/www.zunoticia.com\/noticias-de-hidalgo\/wp-json\/wp\/v2\/posts\/529807\/revisions"}],"predecessor-version":[{"id":529809,"href":"https:\/\/www.zunoticia.com\/noticias-de-hidalgo\/wp-json\/wp\/v2\/posts\/529807\/revisions\/529809"}],"wp:featuredmedia":[{"embeddable":true,"href":"https:\/\/www.zunoticia.com\/noticias-de-hidalgo\/wp-json\/wp\/v2\/media\/529808"}],"wp:attachment":[{"href":"https:\/\/www.zunoticia.com\/noticias-de-hidalgo\/wp-json\/wp\/v2\/media?parent=529807"}],"wp:term":[{"taxonomy":"category","embeddable":true,"href":"https:\/\/www.zunoticia.com\/noticias-de-hidalgo\/wp-json\/wp\/v2\/categories?post=529807"},{"taxonomy":"post_tag","embeddable":true,"href":"https:\/\/www.zunoticia.com\/noticias-de-hidalgo\/wp-json\/wp\/v2\/tags?post=529807"}],"curies":[{"name":"wp","href":"https:\/\/api.w.org\/{rel}","templated":true}]}}