{"id":529826,"date":"2024-03-04T10:52:03","date_gmt":"2024-03-04T16:52:03","guid":{"rendered":"https:\/\/www.zunoticia.com\/noticias-de-hidalgo\/?p=529826"},"modified":"2024-03-04T10:52:07","modified_gmt":"2024-03-04T16:52:07","slug":"obispo-participo-en-encuentro-nacional-enlace-de-agentes-de-pastoral-indigena","status":"publish","type":"post","link":"https:\/\/www.zunoticia.com\/noticias-de-hidalgo\/2024\/03\/04\/obispo-participo-en-encuentro-nacional-enlace-de-agentes-de-pastoral-indigena\/","title":{"rendered":"Obispo particip\u00f3 en Encuentro Nacional Enlace de Agentes de Pastoral Ind\u00edgena"},"content":{"rendered":"<aside class=\"mashsb-container mashsb-main mashsb-stretched\"><div class=\"mashsb-box\"><div class=\"mashsb-count mash-large\" style=\"float:left\"><div class=\"counts mashsbcount\">0<\/div><span class=\"mashsb-sharetext\">SHARES<\/span><\/div><div class=\"mashsb-buttons\"><a class=\"mashicon-facebook mash-large mash-center mashsb-noshadow\" href=\"https:\/\/www.facebook.com\/sharer.php?u=https%3A%2F%2Fwww.zunoticia.com%2Fnoticias-de-hidalgo%2F2024%2F03%2F04%2Fobispo-participo-en-encuentro-nacional-enlace-de-agentes-de-pastoral-indigena%2F\" target=\"_top\" rel=\"nofollow\"><span class=\"icon\"><\/span><span class=\"text\">Share<\/span><\/a><a class=\"mashicon-twitter mash-large mash-center mashsb-noshadow\" href=\"https:\/\/twitter.com\/intent\/tweet?text=&amp;url=https:\/\/www.zunoticia.com\/noticias-de-hidalgo\/2024\/03\/04\/obispo-participo-en-encuentro-nacional-enlace-de-agentes-de-pastoral-indigena\/\" target=\"_top\" rel=\"nofollow\"><span class=\"icon\"><\/span><span class=\"text\">Tweet<\/span><\/a><div class=\"onoffswitch2 mash-large mashsb-noshadow\" style=\"display:none\"><\/div><\/div>\n            <\/div>\n                <div style=\"clear:both\"><\/div><div class=\"mashsb-toggle-container\"><\/div><\/aside>\n            <!-- Share buttons by mashshare.net - Version: 4.0.47-->\n<p><em>Por Enedino Hern\u00e1ndez\/Zunoticia<\/em><\/p>\n\n\n\n<p><strong>Huejutla, Hidalgo.-<\/strong> Con la finalidad de analizar tem\u00e1ticas relacionadas con la sagrada agua, el Obispo de la Di\u00f3cesis de Huejutla, Jos\u00e9 Hir\u00e1is Acosta Beltr\u00e1n; confirma que particip\u00f3 en el Encuentro Nacional Enlace de Agentes de Pastoral Ind\u00edgena quienes se concentraron en Toluca en el Estado de M\u00e9xico.<\/p>\n\n\n\n<p>Dijo que este trabajo se ha venido realizando a lo largo de 32 a\u00f1os consecutivos y en esta ocasi\u00f3n se abord\u00f3 el tema sobre el cuidado de la sagrada agua, todos sabemos que hemos estado padeciendo desde hace varios a\u00f1os de la escasez del vital l\u00edquido.<\/p>\n\n\n\n<p>Detalla que las m\u00e1s de 200 personas ind\u00edgenas participantes de diversos puntos y de culturas del pa\u00eds, desde la Maya de M\u00e9rida, hasta la Raramuri de Chihuahua, as\u00ed como de todo el centro de M\u00e9xico, y de todos los lugares del pa\u00eds.<\/p>\n\n\n\n<p>A\u00f1ade que fueron personas de 21 Di\u00f3cesis de M\u00e9xico quienes con gran entusiasmo participaron en el Encuentro Nacional Enlace de Agentes de Pastoral Ind\u00edgena, un encuentro muy importante, en donde se abordaron tambi\u00e9n situaciones relacionados con el aspecto legal del agua.<\/p>\n\n\n\n<figure class=\"wp-block-gallery has-nested-images columns-default is-cropped wp-block-gallery-1 is-layout-flex wp-block-gallery-is-layout-flex\">\n<figure class=\"wp-block-image size-large\"><img fetchpriority=\"high\" decoding=\"async\" width=\"1204\" height=\"1600\" data-id=\"529829\" src=\"https:\/\/www.zunoticia.com\/noticias-de-hidalgo\/wp-content\/uploads\/2024\/03\/Jose-Hirais-Acosta-Beltran-1.jpg\" alt=\"\" class=\"wp-image-529829\"\/><\/figure>\n\n\n\n<figure class=\"wp-block-image size-large\"><img decoding=\"async\" width=\"1600\" height=\"1204\" data-id=\"529830\" src=\"https:\/\/www.zunoticia.com\/noticias-de-hidalgo\/wp-content\/uploads\/2024\/03\/Jose-Hirais-Acosta-Beltran-2.jpg\" alt=\"\" class=\"wp-image-529830\"\/><\/figure>\n\n\n\n<figure class=\"wp-block-image size-large\"><img decoding=\"async\" width=\"1600\" height=\"1204\" data-id=\"529828\" src=\"https:\/\/www.zunoticia.com\/noticias-de-hidalgo\/wp-content\/uploads\/2024\/03\/Jose-Hirais-Acosta-Beltran-3.jpg\" alt=\"\" class=\"wp-image-529828\"\/><\/figure>\n<\/figure>\n\n\n\n<p>Jos\u00e9 Hir\u00e1is Acosta Beltr\u00e1n, expone que la tierra y el agua son recursos naturales elementales para quienes vivimos en M\u00e9xico y en el mundo entero, se tienen leyes en los cuales se subrayan sobre los&nbsp; derechos que tiene el hombre de los recursos naturales, el derecho al agua en sus diferentes usos.<\/p>\n\n\n\n<p>&nbsp;Reconoce que en diversos puntos del pa\u00eds se habl\u00f3 sobre las luchas que se tiene por obtener el agua, citando como ejemplo la situaci\u00f3n de los Raramuri que en sus tierras existe control del narcotr\u00e1fico por lo que como ciudadanos tienen que actuar con mucho cuidado en raz\u00f3n al uso del agua y de la tierra; la contaminaci\u00f3n en Atoyac en Puebla que causa muchas enfermedades, y entre otras situaciones que se tienen en el pa\u00eds.<\/p>\n","protected":false},"excerpt":{"rendered":"<p>Por Enedino Hern\u00e1ndez\/Zunoticia Huejutla, Hidalgo.- Con la finalidad de analizar tem\u00e1ticas relacionadas con la sagrada agua, el Obispo de la Di\u00f3cesis de Huejutla, Jos\u00e9 Hir\u00e1is Acosta Beltr\u00e1n; confirma que particip\u00f3 en el Encuentro Nacional Enlace de Agentes de Pastoral Ind\u00edgena quienes se concentraron en Toluca en el Estado de M\u00e9xico. Dijo que este trabajo se&hellip; <a class=\"more-link\" href=\"https:\/\/www.zunoticia.com\/noticias-de-hidalgo\/2024\/03\/04\/obispo-participo-en-encuentro-nacional-enlace-de-agentes-de-pastoral-indigena\/\">Seguir leyendo <span class=\"screen-reader-text\">Obispo particip\u00f3 en Encuentro Nacional Enlace de Agentes de Pastoral Ind\u00edgena<\/span><\/a><\/p>\n","protected":false},"author":23,"featured_media":529827,"comment_status":"open","ping_status":"open","sticky":false,"template":"","format":"standard","meta":{"rop_custom_images_group":[],"rop_custom_messages_group":[],"rop_publish_now":"initial","rop_publish_now_accounts":{"facebook_10159540855086992_322828327761733":""},"rop_publish_now_history":[],"rop_publish_now_status":"pending","footnotes":""},"categories":[181],"tags":[121],"class_list":["post-529826","post","type-post","status-publish","format-standard","has-post-thumbnail","hentry","category-huejutla","tag-huejutla","entry"],"_links":{"self":[{"href":"https:\/\/www.zunoticia.com\/noticias-de-hidalgo\/wp-json\/wp\/v2\/posts\/529826","targetHints":{"allow":["GET"]}}],"collection":[{"href":"https:\/\/www.zunoticia.com\/noticias-de-hidalgo\/wp-json\/wp\/v2\/posts"}],"about":[{"href":"https:\/\/www.zunoticia.com\/noticias-de-hidalgo\/wp-json\/wp\/v2\/types\/post"}],"author":[{"embeddable":true,"href":"https:\/\/www.zunoticia.com\/noticias-de-hidalgo\/wp-json\/wp\/v2\/users\/23"}],"replies":[{"embeddable":true,"href":"https:\/\/www.zunoticia.com\/noticias-de-hidalgo\/wp-json\/wp\/v2\/comments?post=529826"}],"version-history":[{"count":1,"href":"https:\/\/www.zunoticia.com\/noticias-de-hidalgo\/wp-json\/wp\/v2\/posts\/529826\/revisions"}],"predecessor-version":[{"id":529831,"href":"https:\/\/www.zunoticia.com\/noticias-de-hidalgo\/wp-json\/wp\/v2\/posts\/529826\/revisions\/529831"}],"wp:featuredmedia":[{"embeddable":true,"href":"https:\/\/www.zunoticia.com\/noticias-de-hidalgo\/wp-json\/wp\/v2\/media\/529827"}],"wp:attachment":[{"href":"https:\/\/www.zunoticia.com\/noticias-de-hidalgo\/wp-json\/wp\/v2\/media?parent=529826"}],"wp:term":[{"taxonomy":"category","embeddable":true,"href":"https:\/\/www.zunoticia.com\/noticias-de-hidalgo\/wp-json\/wp\/v2\/categories?post=529826"},{"taxonomy":"post_tag","embeddable":true,"href":"https:\/\/www.zunoticia.com\/noticias-de-hidalgo\/wp-json\/wp\/v2\/tags?post=529826"}],"curies":[{"name":"wp","href":"https:\/\/api.w.org\/{rel}","templated":true}]}}