{"id":529866,"date":"2024-03-04T16:57:04","date_gmt":"2024-03-04T22:57:04","guid":{"rendered":"https:\/\/www.zunoticia.com\/noticias-de-hidalgo\/?p=529866"},"modified":"2024-03-04T16:57:07","modified_gmt":"2024-03-04T22:57:07","slug":"incrementa-levemente-la-venta-de-imagenes-religiosas","status":"publish","type":"post","link":"https:\/\/www.zunoticia.com\/noticias-de-hidalgo\/2024\/03\/04\/incrementa-levemente-la-venta-de-imagenes-religiosas\/","title":{"rendered":"Incrementa levemente la venta de im\u00e1genes religiosas"},"content":{"rendered":"<aside class=\"mashsb-container mashsb-main mashsb-stretched\"><div class=\"mashsb-box\"><div class=\"mashsb-count mash-large\" style=\"float:left\"><div class=\"counts mashsbcount\">69<\/div><span class=\"mashsb-sharetext\">SHARES<\/span><\/div><div class=\"mashsb-buttons\"><a class=\"mashicon-facebook mash-large mash-center mashsb-noshadow\" href=\"https:\/\/www.facebook.com\/sharer.php?u=https%3A%2F%2Fwww.zunoticia.com%2Fnoticias-de-hidalgo%2F2024%2F03%2F04%2Fincrementa-levemente-la-venta-de-imagenes-religiosas%2F\" target=\"_top\" rel=\"nofollow\"><span class=\"icon\"><\/span><span class=\"text\">Share<\/span><\/a><a class=\"mashicon-twitter mash-large mash-center mashsb-noshadow\" href=\"https:\/\/twitter.com\/intent\/tweet?text=&amp;url=https:\/\/www.zunoticia.com\/noticias-de-hidalgo\/2024\/03\/04\/incrementa-levemente-la-venta-de-imagenes-religiosas\/\" target=\"_top\" rel=\"nofollow\"><span class=\"icon\"><\/span><span class=\"text\">Tweet<\/span><\/a><div class=\"onoffswitch2 mash-large mashsb-noshadow\" style=\"display:none\"><\/div><\/div>\n            <\/div>\n                <div style=\"clear:both\"><\/div><div class=\"mashsb-toggle-container\"><\/div><\/aside>\n            <!-- Share buttons by mashshare.net - Version: 4.0.47-->\n<p><em>Por Enedino Hern\u00e1ndez\/Zunoticia<\/em><\/p>\n\n\n\n<p><strong>Huejutla, Hgo.-<\/strong> Con motivo del periodo de la Cuaresma se ha incrementado levemente, en estos \u00faltimos d\u00edas, la venta de las im\u00e1genes religiosas en la ciudad de Huejutla.<\/p>\n\n\n\n<p>Jos\u00e9 G\u00f3mez, quien se dedica a la venta de estos art\u00edculos religiosos, confirma que en estos \u00faltimos d\u00edas la gente suele preguntar y adquirir m\u00e1s im\u00e1genes religiosas; las preferidas son las elaboradas con fibras de vidrio y los crucifijos.<\/p>\n\n\n\n<p>Es en este periodo pr\u00f3ximo a la Semana Santa cuando generalmente aumenta la demanda de los art\u00edculos religiosos por parte de los fieles cat\u00f3licos de esta zona de la huasteca.<\/p>\n\n\n\n<figure class=\"wp-block-image size-full\"><img fetchpriority=\"high\" decoding=\"async\" width=\"933\" height=\"524\" src=\"https:\/\/www.zunoticia.com\/noticias-de-hidalgo\/wp-content\/uploads\/2024\/03\/Zunoticia-Huejutla-1-13.png\" alt=\"\" class=\"wp-image-529868\"\/><\/figure>\n\n\n\n<p>Se\u00f1al\u00f3 que, con toda oportunidad los ciudadanos adquieren sus im\u00e1genes para poder bendecirlas durante las diversas actividades religiosas que se realizar\u00e1n en la Semana Santa.<\/p>\n\n\n\n<p>Concluy\u00f3 que, las ventas de las&nbsp; im\u00e1genes religiosas son propias de esta temporada, cuando los fieles cat\u00f3licos se preparan para participar en la fiesta de la Semana Santa, por lo que se tiene la confianza de poder incrementar las ganancias en los d\u00edas siguientes.<\/p>\n","protected":false},"excerpt":{"rendered":"<p>Por Enedino Hern\u00e1ndez\/Zunoticia Huejutla, Hgo.- Con motivo del periodo de la Cuaresma se ha incrementado levemente, en estos \u00faltimos d\u00edas, la venta de las im\u00e1genes religiosas en la ciudad de Huejutla. Jos\u00e9 G\u00f3mez, quien se dedica a la venta de estos art\u00edculos religiosos, confirma que en estos \u00faltimos d\u00edas la gente suele preguntar y adquirir&hellip; <a class=\"more-link\" href=\"https:\/\/www.zunoticia.com\/noticias-de-hidalgo\/2024\/03\/04\/incrementa-levemente-la-venta-de-imagenes-religiosas\/\">Seguir leyendo <span class=\"screen-reader-text\">Incrementa levemente la venta de im\u00e1genes religiosas<\/span><\/a><\/p>\n","protected":false},"author":20,"featured_media":529867,"comment_status":"open","ping_status":"open","sticky":false,"template":"","format":"standard","meta":{"rop_custom_images_group":[],"rop_custom_messages_group":[],"rop_publish_now":"initial","rop_publish_now_accounts":{"facebook_10159540855086992_322828327761733":""},"rop_publish_now_history":[],"rop_publish_now_status":"pending","footnotes":""},"categories":[181],"tags":[121],"class_list":["post-529866","post","type-post","status-publish","format-standard","has-post-thumbnail","hentry","category-huejutla","tag-huejutla","entry"],"_links":{"self":[{"href":"https:\/\/www.zunoticia.com\/noticias-de-hidalgo\/wp-json\/wp\/v2\/posts\/529866","targetHints":{"allow":["GET"]}}],"collection":[{"href":"https:\/\/www.zunoticia.com\/noticias-de-hidalgo\/wp-json\/wp\/v2\/posts"}],"about":[{"href":"https:\/\/www.zunoticia.com\/noticias-de-hidalgo\/wp-json\/wp\/v2\/types\/post"}],"author":[{"embeddable":true,"href":"https:\/\/www.zunoticia.com\/noticias-de-hidalgo\/wp-json\/wp\/v2\/users\/20"}],"replies":[{"embeddable":true,"href":"https:\/\/www.zunoticia.com\/noticias-de-hidalgo\/wp-json\/wp\/v2\/comments?post=529866"}],"version-history":[{"count":1,"href":"https:\/\/www.zunoticia.com\/noticias-de-hidalgo\/wp-json\/wp\/v2\/posts\/529866\/revisions"}],"predecessor-version":[{"id":529869,"href":"https:\/\/www.zunoticia.com\/noticias-de-hidalgo\/wp-json\/wp\/v2\/posts\/529866\/revisions\/529869"}],"wp:featuredmedia":[{"embeddable":true,"href":"https:\/\/www.zunoticia.com\/noticias-de-hidalgo\/wp-json\/wp\/v2\/media\/529867"}],"wp:attachment":[{"href":"https:\/\/www.zunoticia.com\/noticias-de-hidalgo\/wp-json\/wp\/v2\/media?parent=529866"}],"wp:term":[{"taxonomy":"category","embeddable":true,"href":"https:\/\/www.zunoticia.com\/noticias-de-hidalgo\/wp-json\/wp\/v2\/categories?post=529866"},{"taxonomy":"post_tag","embeddable":true,"href":"https:\/\/www.zunoticia.com\/noticias-de-hidalgo\/wp-json\/wp\/v2\/tags?post=529866"}],"curies":[{"name":"wp","href":"https:\/\/api.w.org\/{rel}","templated":true}]}}