{"id":531251,"date":"2024-03-14T14:55:51","date_gmt":"2024-03-14T20:55:51","guid":{"rendered":"https:\/\/www.zunoticia.com\/noticias-de-hidalgo\/?p=531251"},"modified":"2024-03-14T14:55:54","modified_gmt":"2024-03-14T20:55:54","slug":"escuela-primaria-jose-angeles-montano-culmina-proyectos-escolares","status":"publish","type":"post","link":"https:\/\/www.zunoticia.com\/noticias-de-hidalgo\/2024\/03\/14\/escuela-primaria-jose-angeles-montano-culmina-proyectos-escolares\/","title":{"rendered":"Escuela primaria \u201cJos\u00e9 \u00c1ngeles Monta\u00f1o\u201d culmina proyectos escolares"},"content":{"rendered":"<aside class=\"mashsb-container mashsb-main mashsb-stretched\"><div class=\"mashsb-box\"><div class=\"mashsb-count mash-large\" style=\"float:left\"><div class=\"counts mashsbcount\">14<\/div><span class=\"mashsb-sharetext\">SHARES<\/span><\/div><div class=\"mashsb-buttons\"><a class=\"mashicon-facebook mash-large mash-center mashsb-noshadow\" href=\"https:\/\/www.facebook.com\/sharer.php?u=https%3A%2F%2Fwww.zunoticia.com%2Fnoticias-de-hidalgo%2F2024%2F03%2F14%2Fescuela-primaria-jose-angeles-montano-culmina-proyectos-escolares%2F\" target=\"_top\" rel=\"nofollow\"><span class=\"icon\"><\/span><span class=\"text\">Share<\/span><\/a><a class=\"mashicon-twitter mash-large mash-center mashsb-noshadow\" href=\"https:\/\/twitter.com\/intent\/tweet?text=&amp;url=https:\/\/www.zunoticia.com\/noticias-de-hidalgo\/2024\/03\/14\/escuela-primaria-jose-angeles-montano-culmina-proyectos-escolares\/\" target=\"_top\" rel=\"nofollow\"><span class=\"icon\"><\/span><span class=\"text\">Tweet<\/span><\/a><div class=\"onoffswitch2 mash-large mashsb-noshadow\" style=\"display:none\"><\/div><\/div>\n            <\/div>\n                <div style=\"clear:both\"><\/div><div class=\"mashsb-toggle-container\"><\/div><\/aside>\n            <!-- Share buttons by mashshare.net - Version: 4.0.47-->\n<p><em>Por Gabriela Hern\u00e1ndez\/Zunoticia<\/em><\/p>\n\n\n\n<p><strong>San Felipe Orizatl\u00e1n, Hgo.-<\/strong>&nbsp; La Escuela Primaria \u201cJos\u00e9 \u00c1ngeles Monta\u00f1o\u201d, en este mes de marzo culmin\u00f3 diferentes proyectos, con el objetivo de que los alumnos demuestren sus aprendizajes.<\/p>\n\n\n\n<p>El pasado primero de marzo, el grupo de primer grado a cargo de su profesora Beatriz Adriana Hern\u00e1ndez, culminaron el proyecto &#8220;Juntos en Armon\u00eda, aprendiendo y conviviendo&#8221; donde realizaron una representaci\u00f3n teatral participando con distintos personajes, basada principalmente en los valores.<\/p>\n\n\n\n<p>As\u00ed mismo, el grupo de quinto grado \u201cA\u201d, con una explicaci\u00f3n por equipos en exposiciones, con materiales did\u00e1cticos creados por ellos mismos y una muestra gastron\u00f3mica, cerraron el proyecto denominado &#8220;Un men\u00fa saludable&#8221; mostrando la importancia de los distintos grupos de alimentos; por su parte el grupo de tercer grado \u201cA\u201d, mostraron el cierre de su proyecto &#8220;El plato del buen comer&#8221; con una muestra de los productos de los grupos alimenticios.<\/p>\n\n\n\n<p>Finalmente, con interpretaciones, escenograf\u00eda y vestuarios los segundos grados, el pasado mi\u00e9rcoles dieron cierre al proyecto &#8220;Te cuento un cuento, inventado con armon\u00eda&#8221; con la presencia del supervisor escolar de la zona 175 ,el profesor Felipe Lara S\u00e1nchez, as\u00ed como su equipo de colaboradores.<\/p>\n\n\n\n<figure class=\"wp-block-gallery has-nested-images columns-default is-cropped wp-block-gallery-1 is-layout-flex wp-block-gallery-is-layout-flex\">\n<figure class=\"wp-block-image size-large\"><img fetchpriority=\"high\" decoding=\"async\" width=\"933\" height=\"524\" data-id=\"531253\" src=\"https:\/\/www.zunoticia.com\/noticias-de-hidalgo\/wp-content\/uploads\/2024\/03\/Zunoticia-Huejutla-2-26.png\" alt=\"\" class=\"wp-image-531253\"\/><\/figure>\n\n\n\n<figure class=\"wp-block-image size-large\"><img decoding=\"async\" width=\"933\" height=\"524\" data-id=\"531254\" src=\"https:\/\/www.zunoticia.com\/noticias-de-hidalgo\/wp-content\/uploads\/2024\/03\/Zunoticia-Huejutla-1-98.png\" alt=\"\" class=\"wp-image-531254\"\/><\/figure>\n<\/figure>\n","protected":false},"excerpt":{"rendered":"<p>Por Gabriela Hern\u00e1ndez\/Zunoticia San Felipe Orizatl\u00e1n, Hgo.-&nbsp; La Escuela Primaria \u201cJos\u00e9 \u00c1ngeles Monta\u00f1o\u201d, en este mes de marzo culmin\u00f3 diferentes proyectos, con el objetivo de que los alumnos demuestren sus aprendizajes. El pasado primero de marzo, el grupo de primer grado a cargo de su profesora Beatriz Adriana Hern\u00e1ndez, culminaron el proyecto &#8220;Juntos en Armon\u00eda,&hellip; <a class=\"more-link\" href=\"https:\/\/www.zunoticia.com\/noticias-de-hidalgo\/2024\/03\/14\/escuela-primaria-jose-angeles-montano-culmina-proyectos-escolares\/\">Seguir leyendo <span class=\"screen-reader-text\">Escuela primaria \u201cJos\u00e9 \u00c1ngeles Monta\u00f1o\u201d culmina proyectos escolares<\/span><\/a><\/p>\n","protected":false},"author":20,"featured_media":531252,"comment_status":"open","ping_status":"open","sticky":false,"template":"","format":"standard","meta":{"rop_custom_images_group":[],"rop_custom_messages_group":[],"rop_publish_now":"initial","rop_publish_now_accounts":{"facebook_10159540855086992_322828327761733":""},"rop_publish_now_history":[],"rop_publish_now_status":"pending","footnotes":""},"categories":[179,180],"tags":[229,129],"class_list":["post-531251","post","type-post","status-publish","format-standard","has-post-thumbnail","hentry","category-huasteca","category-orizatlan","tag-huasteca","tag-orizatlan","entry"],"_links":{"self":[{"href":"https:\/\/www.zunoticia.com\/noticias-de-hidalgo\/wp-json\/wp\/v2\/posts\/531251","targetHints":{"allow":["GET"]}}],"collection":[{"href":"https:\/\/www.zunoticia.com\/noticias-de-hidalgo\/wp-json\/wp\/v2\/posts"}],"about":[{"href":"https:\/\/www.zunoticia.com\/noticias-de-hidalgo\/wp-json\/wp\/v2\/types\/post"}],"author":[{"embeddable":true,"href":"https:\/\/www.zunoticia.com\/noticias-de-hidalgo\/wp-json\/wp\/v2\/users\/20"}],"replies":[{"embeddable":true,"href":"https:\/\/www.zunoticia.com\/noticias-de-hidalgo\/wp-json\/wp\/v2\/comments?post=531251"}],"version-history":[{"count":1,"href":"https:\/\/www.zunoticia.com\/noticias-de-hidalgo\/wp-json\/wp\/v2\/posts\/531251\/revisions"}],"predecessor-version":[{"id":531255,"href":"https:\/\/www.zunoticia.com\/noticias-de-hidalgo\/wp-json\/wp\/v2\/posts\/531251\/revisions\/531255"}],"wp:featuredmedia":[{"embeddable":true,"href":"https:\/\/www.zunoticia.com\/noticias-de-hidalgo\/wp-json\/wp\/v2\/media\/531252"}],"wp:attachment":[{"href":"https:\/\/www.zunoticia.com\/noticias-de-hidalgo\/wp-json\/wp\/v2\/media?parent=531251"}],"wp:term":[{"taxonomy":"category","embeddable":true,"href":"https:\/\/www.zunoticia.com\/noticias-de-hidalgo\/wp-json\/wp\/v2\/categories?post=531251"},{"taxonomy":"post_tag","embeddable":true,"href":"https:\/\/www.zunoticia.com\/noticias-de-hidalgo\/wp-json\/wp\/v2\/tags?post=531251"}],"curies":[{"name":"wp","href":"https:\/\/api.w.org\/{rel}","templated":true}]}}