{"id":531265,"date":"2024-03-14T16:28:04","date_gmt":"2024-03-14T22:28:04","guid":{"rendered":"https:\/\/www.zunoticia.com\/noticias-de-hidalgo\/?p=531265"},"modified":"2024-03-14T16:28:07","modified_gmt":"2024-03-14T22:28:07","slug":"festejaran-60-aniversario-de-educacion-indigena","status":"publish","type":"post","link":"https:\/\/www.zunoticia.com\/noticias-de-hidalgo\/2024\/03\/14\/festejaran-60-aniversario-de-educacion-indigena\/","title":{"rendered":"Festejar\u00e1n 60 aniversario de Educaci\u00f3n ind\u00edgena"},"content":{"rendered":"<aside class=\"mashsb-container mashsb-main mashsb-stretched\"><div class=\"mashsb-box\"><div class=\"mashsb-count mash-large\" style=\"float:left\"><div class=\"counts mashsbcount\">17<\/div><span class=\"mashsb-sharetext\">SHARES<\/span><\/div><div class=\"mashsb-buttons\"><a class=\"mashicon-facebook mash-large mash-center mashsb-noshadow\" href=\"https:\/\/www.facebook.com\/sharer.php?u=https%3A%2F%2Fwww.zunoticia.com%2Fnoticias-de-hidalgo%2F2024%2F03%2F14%2Ffestejaran-60-aniversario-de-educacion-indigena%2F\" target=\"_top\" rel=\"nofollow\"><span class=\"icon\"><\/span><span class=\"text\">Share<\/span><\/a><a class=\"mashicon-twitter mash-large mash-center mashsb-noshadow\" href=\"https:\/\/twitter.com\/intent\/tweet?text=&amp;url=https:\/\/www.zunoticia.com\/noticias-de-hidalgo\/2024\/03\/14\/festejaran-60-aniversario-de-educacion-indigena\/\" target=\"_top\" rel=\"nofollow\"><span class=\"icon\"><\/span><span class=\"text\">Tweet<\/span><\/a><div class=\"onoffswitch2 mash-large mashsb-noshadow\" style=\"display:none\"><\/div><\/div>\n            <\/div>\n                <div style=\"clear:both\"><\/div><div class=\"mashsb-toggle-container\"><\/div><\/aside>\n            <!-- Share buttons by mashshare.net - Version: 4.0.47-->\n<p><em>Por Roberto Meza\/Zunoticia<\/em><\/p>\n\n\n\n<p><strong>Yahualica, Hgo.<\/strong> &#8211; Maestros y alumnos de las diversas instituciones de educaci\u00f3n primaria ind\u00edgena de este municipio, participar\u00e1n en los festejos del 60 aniversario de Educaci\u00f3n ind\u00edgena, coordinados por la zona 033 de Huiznopala, de este municipio y con ello, seguir fortaleciendo las acciones educativas para bien de los alumnos de las zonas ind\u00edgenas.<\/p>\n\n\n\n<p>En el evento regional que se llevar\u00e1 en la comunidad de Papatlatla, del municipio de Calnali, estar\u00e1n participando maestros de la huasteca de al menos 9 zonas escolares del sector 4. En dicho evento habr\u00e1 una demostraci\u00f3n de danzas, cantos en n\u00e1huatl, gastronom\u00eda y juegos tradicionales, con ello festejar el 60 aniversario de este subsistema educativo.<\/p>\n\n\n\n<p>Este jueves maestros de las diversas zonas participaron en los preparativos de este gran evento que se realizar\u00e1 este viernes 15 de marzo, a partir de las 08:00 de la ma\u00f1ana, en donde comentaron que, todo est\u00e1 listo; por lo que estar\u00e1n invitadas autoridades educativas de la regi\u00f3n y del estado.<\/p>\n\n\n\n<p><\/p>\n","protected":false},"excerpt":{"rendered":"<p>Por Roberto Meza\/Zunoticia Yahualica, Hgo. &#8211; Maestros y alumnos de las diversas instituciones de educaci\u00f3n primaria ind\u00edgena de este municipio, participar\u00e1n en los festejos del 60 aniversario de Educaci\u00f3n ind\u00edgena, coordinados por la zona 033 de Huiznopala, de este municipio y con ello, seguir fortaleciendo las acciones educativas para bien de los alumnos de las&hellip; <a class=\"more-link\" href=\"https:\/\/www.zunoticia.com\/noticias-de-hidalgo\/2024\/03\/14\/festejaran-60-aniversario-de-educacion-indigena\/\">Seguir leyendo <span class=\"screen-reader-text\">Festejar\u00e1n 60 aniversario de Educaci\u00f3n ind\u00edgena<\/span><\/a><\/p>\n","protected":false},"author":20,"featured_media":531266,"comment_status":"open","ping_status":"open","sticky":false,"template":"","format":"standard","meta":{"rop_custom_images_group":[],"rop_custom_messages_group":[],"rop_publish_now":"initial","rop_publish_now_accounts":{"facebook_10159540855086992_322828327761733":""},"rop_publish_now_history":[],"rop_publish_now_status":"pending","footnotes":""},"categories":[179,203],"tags":[229,123],"class_list":["post-531265","post","type-post","status-publish","format-standard","has-post-thumbnail","hentry","category-huasteca","category-yahualica","tag-huasteca","tag-yahualica","entry"],"_links":{"self":[{"href":"https:\/\/www.zunoticia.com\/noticias-de-hidalgo\/wp-json\/wp\/v2\/posts\/531265","targetHints":{"allow":["GET"]}}],"collection":[{"href":"https:\/\/www.zunoticia.com\/noticias-de-hidalgo\/wp-json\/wp\/v2\/posts"}],"about":[{"href":"https:\/\/www.zunoticia.com\/noticias-de-hidalgo\/wp-json\/wp\/v2\/types\/post"}],"author":[{"embeddable":true,"href":"https:\/\/www.zunoticia.com\/noticias-de-hidalgo\/wp-json\/wp\/v2\/users\/20"}],"replies":[{"embeddable":true,"href":"https:\/\/www.zunoticia.com\/noticias-de-hidalgo\/wp-json\/wp\/v2\/comments?post=531265"}],"version-history":[{"count":1,"href":"https:\/\/www.zunoticia.com\/noticias-de-hidalgo\/wp-json\/wp\/v2\/posts\/531265\/revisions"}],"predecessor-version":[{"id":531267,"href":"https:\/\/www.zunoticia.com\/noticias-de-hidalgo\/wp-json\/wp\/v2\/posts\/531265\/revisions\/531267"}],"wp:featuredmedia":[{"embeddable":true,"href":"https:\/\/www.zunoticia.com\/noticias-de-hidalgo\/wp-json\/wp\/v2\/media\/531266"}],"wp:attachment":[{"href":"https:\/\/www.zunoticia.com\/noticias-de-hidalgo\/wp-json\/wp\/v2\/media?parent=531265"}],"wp:term":[{"taxonomy":"category","embeddable":true,"href":"https:\/\/www.zunoticia.com\/noticias-de-hidalgo\/wp-json\/wp\/v2\/categories?post=531265"},{"taxonomy":"post_tag","embeddable":true,"href":"https:\/\/www.zunoticia.com\/noticias-de-hidalgo\/wp-json\/wp\/v2\/tags?post=531265"}],"curies":[{"name":"wp","href":"https:\/\/api.w.org\/{rel}","templated":true}]}}