{"id":531294,"date":"2024-03-14T17:43:15","date_gmt":"2024-03-14T23:43:15","guid":{"rendered":"https:\/\/www.zunoticia.com\/noticias-de-hidalgo\/?p=531294"},"modified":"2024-03-14T17:43:18","modified_gmt":"2024-03-14T23:43:18","slug":"se-alistan-vendedores-de-cirios-pascuales","status":"publish","type":"post","link":"https:\/\/www.zunoticia.com\/noticias-de-hidalgo\/2024\/03\/14\/se-alistan-vendedores-de-cirios-pascuales\/","title":{"rendered":"Se alistan vendedores de cirios pascuales"},"content":{"rendered":"<aside class=\"mashsb-container mashsb-main mashsb-stretched\"><div class=\"mashsb-box\"><div class=\"mashsb-count mash-large\" style=\"float:left\"><div class=\"counts mashsbcount\">9<\/div><span class=\"mashsb-sharetext\">SHARES<\/span><\/div><div class=\"mashsb-buttons\"><a class=\"mashicon-facebook mash-large mash-center mashsb-noshadow\" href=\"https:\/\/www.facebook.com\/sharer.php?u=https%3A%2F%2Fwww.zunoticia.com%2Fnoticias-de-hidalgo%2F2024%2F03%2F14%2Fse-alistan-vendedores-de-cirios-pascuales%2F\" target=\"_top\" rel=\"nofollow\"><span class=\"icon\"><\/span><span class=\"text\">Share<\/span><\/a><a class=\"mashicon-twitter mash-large mash-center mashsb-noshadow\" href=\"https:\/\/twitter.com\/intent\/tweet?text=&amp;url=https:\/\/www.zunoticia.com\/noticias-de-hidalgo\/2024\/03\/14\/se-alistan-vendedores-de-cirios-pascuales\/\" target=\"_top\" rel=\"nofollow\"><span class=\"icon\"><\/span><span class=\"text\">Tweet<\/span><\/a><div class=\"onoffswitch2 mash-large mashsb-noshadow\" style=\"display:none\"><\/div><\/div>\n            <\/div>\n                <div style=\"clear:both\"><\/div><div class=\"mashsb-toggle-container\"><\/div><\/aside>\n            <!-- Share buttons by mashshare.net - Version: 4.0.47-->\n<p><em>Por Gabriela Hern\u00e1ndez\/Zunoticia<\/em><\/p>\n\n\n\n<p><strong>Jaltoc\u00e1n, Hgo<\/strong>.- A punto de entrar de lleno a la Semana Santa comerciantes que se dedican a la elaboraci\u00f3n de velas, arrancaron en este jueves de plaza con la venta de los cirios pascuales, s\u00edmbolo que de acuerdo con fieles refrenda la fe por Dios.<\/p>\n\n\n\n<p>En este sentido, el se\u00f1or Enrique del barrio Toltitla, mencion\u00f3 que, con el paso de los a\u00f1os se da cuenta del impacto que tienen los cirios en los fieles cat\u00f3licos.<\/p>\n\n\n\n<p>Se\u00f1al\u00f3 que, est\u00e1 semana ha comenzado la venta de cirios y espera que en los pr\u00f3ximos d\u00edas que inicie ya la Semana Santa repunten las ventas de este producto, &#8220;Apenas se viene lo fuerte, la verdad ni siquiera sabemos cu\u00e1ntas se venden, todos los a\u00f1os la producci\u00f3n se termina&#8221;.<\/p>\n\n\n\n<p>Finalmente mencion\u00f3 que, el cirio pascual es uno de los elementos de la iglesia cat\u00f3lica m\u00e1s representativo durante la Semana Mayor o mejor conocida como Semana Santa.<\/p>\n","protected":false},"excerpt":{"rendered":"<p>Por Gabriela Hern\u00e1ndez\/Zunoticia Jaltoc\u00e1n, Hgo.- A punto de entrar de lleno a la Semana Santa comerciantes que se dedican a la elaboraci\u00f3n de velas, arrancaron en este jueves de plaza con la venta de los cirios pascuales, s\u00edmbolo que de acuerdo con fieles refrenda la fe por Dios. En este sentido, el se\u00f1or Enrique del&hellip; <a class=\"more-link\" href=\"https:\/\/www.zunoticia.com\/noticias-de-hidalgo\/2024\/03\/14\/se-alistan-vendedores-de-cirios-pascuales\/\">Seguir leyendo <span class=\"screen-reader-text\">Se alistan vendedores de cirios pascuales<\/span><\/a><\/p>\n","protected":false},"author":20,"featured_media":531295,"comment_status":"open","ping_status":"open","sticky":false,"template":"","format":"standard","meta":{"rop_custom_images_group":[],"rop_custom_messages_group":[],"rop_publish_now":"initial","rop_publish_now_accounts":{"facebook_10159540855086992_322828327761733":""},"rop_publish_now_history":[],"rop_publish_now_status":"pending","footnotes":""},"categories":[179,200],"tags":[229,131],"class_list":["post-531294","post","type-post","status-publish","format-standard","has-post-thumbnail","hentry","category-huasteca","category-jaltocan","tag-huasteca","tag-jaltocan","entry"],"_links":{"self":[{"href":"https:\/\/www.zunoticia.com\/noticias-de-hidalgo\/wp-json\/wp\/v2\/posts\/531294","targetHints":{"allow":["GET"]}}],"collection":[{"href":"https:\/\/www.zunoticia.com\/noticias-de-hidalgo\/wp-json\/wp\/v2\/posts"}],"about":[{"href":"https:\/\/www.zunoticia.com\/noticias-de-hidalgo\/wp-json\/wp\/v2\/types\/post"}],"author":[{"embeddable":true,"href":"https:\/\/www.zunoticia.com\/noticias-de-hidalgo\/wp-json\/wp\/v2\/users\/20"}],"replies":[{"embeddable":true,"href":"https:\/\/www.zunoticia.com\/noticias-de-hidalgo\/wp-json\/wp\/v2\/comments?post=531294"}],"version-history":[{"count":1,"href":"https:\/\/www.zunoticia.com\/noticias-de-hidalgo\/wp-json\/wp\/v2\/posts\/531294\/revisions"}],"predecessor-version":[{"id":531296,"href":"https:\/\/www.zunoticia.com\/noticias-de-hidalgo\/wp-json\/wp\/v2\/posts\/531294\/revisions\/531296"}],"wp:featuredmedia":[{"embeddable":true,"href":"https:\/\/www.zunoticia.com\/noticias-de-hidalgo\/wp-json\/wp\/v2\/media\/531295"}],"wp:attachment":[{"href":"https:\/\/www.zunoticia.com\/noticias-de-hidalgo\/wp-json\/wp\/v2\/media?parent=531294"}],"wp:term":[{"taxonomy":"category","embeddable":true,"href":"https:\/\/www.zunoticia.com\/noticias-de-hidalgo\/wp-json\/wp\/v2\/categories?post=531294"},{"taxonomy":"post_tag","embeddable":true,"href":"https:\/\/www.zunoticia.com\/noticias-de-hidalgo\/wp-json\/wp\/v2\/tags?post=531294"}],"curies":[{"name":"wp","href":"https:\/\/api.w.org\/{rel}","templated":true}]}}