{"id":531381,"date":"2024-03-14T20:56:02","date_gmt":"2024-03-15T02:56:02","guid":{"rendered":"https:\/\/www.zunoticia.com\/noticias-de-hidalgo\/?p=531381"},"modified":"2024-03-14T20:56:05","modified_gmt":"2024-03-15T02:56:05","slug":"aspirantes-de-lolotla-y-huautla-rechazan-que-van-por-el-pvem","status":"publish","type":"post","link":"https:\/\/www.zunoticia.com\/noticias-de-hidalgo\/2024\/03\/14\/aspirantes-de-lolotla-y-huautla-rechazan-que-van-por-el-pvem\/","title":{"rendered":"Aspirantes de Lolotla y Huautla rechazan que van por el PVEM"},"content":{"rendered":"<aside class=\"mashsb-container mashsb-main mashsb-stretched\"><div class=\"mashsb-box\"><div class=\"mashsb-count mash-large\" style=\"float:left\"><div class=\"counts mashsbcount\">31<\/div><span class=\"mashsb-sharetext\">SHARES<\/span><\/div><div class=\"mashsb-buttons\"><a class=\"mashicon-facebook mash-large mash-center mashsb-noshadow\" href=\"https:\/\/www.facebook.com\/sharer.php?u=https%3A%2F%2Fwww.zunoticia.com%2Fnoticias-de-hidalgo%2F2024%2F03%2F14%2Faspirantes-de-lolotla-y-huautla-rechazan-que-van-por-el-pvem%2F\" target=\"_top\" rel=\"nofollow\"><span class=\"icon\"><\/span><span class=\"text\">Share<\/span><\/a><a class=\"mashicon-twitter mash-large mash-center mashsb-noshadow\" href=\"https:\/\/twitter.com\/intent\/tweet?text=&amp;url=https:\/\/www.zunoticia.com\/noticias-de-hidalgo\/2024\/03\/14\/aspirantes-de-lolotla-y-huautla-rechazan-que-van-por-el-pvem\/\" target=\"_top\" rel=\"nofollow\"><span class=\"icon\"><\/span><span class=\"text\">Tweet<\/span><\/a><div class=\"onoffswitch2 mash-large mashsb-noshadow\" style=\"display:none\"><\/div><\/div>\n            <\/div>\n                <div style=\"clear:both\"><\/div><div class=\"mashsb-toggle-container\"><\/div><\/aside>\n            <!-- Share buttons by mashshare.net - Version: 4.0.47-->\n<p><em>Por Mois\u00e9s Medrano\/Zunoticia<\/em><\/p>\n\n\n\n<p><strong>Huejutla, Hgo.-<\/strong> Ruth Sarah\u00ed Cruz Hern\u00e1ndez, aspirante de Ixtlahuaco, Lolotla y Jorge Alberto Hern\u00e1ndez Cortez de Huautla, ambos del Movimiento de Regeneraci\u00f3n Nacional, rechazaron, en entrevista por separado, que tengan que ver con el Partido Verde Ecologista de M\u00e9xico.<\/p>\n\n\n\n<p>Entrevistada Ruth Sarah\u00ed v\u00eda telef\u00f3nica se\u00f1al\u00f3 &#8220;es completamente falso, yo rechazo categ\u00f3ricamente esa informaci\u00f3n, entendemos que es un intento de confundir, nosotros nos registramos en el Movimiento de Regeneraci\u00f3n Nacional, ah\u00ed estaremos esperando hasta el final la resoluci\u00f3n&#8221;.<\/p>\n\n\n\n<p>Advirti\u00f3 que, ella no tiene contacto con el partido Verde y desconoc\u00eda quienes estaban generando la desinformaci\u00f3n.<\/p>\n\n\n\n<figure class=\"wp-block-image size-full\"><img fetchpriority=\"high\" decoding=\"async\" width=\"929\" height=\"619\" src=\"https:\/\/www.zunoticia.com\/noticias-de-hidalgo\/wp-content\/uploads\/2024\/03\/eZy-Watermark_14-03-2024_08-02-40-1220p.m.jpg\" alt=\"\" class=\"wp-image-531360\"\/><\/figure>\n\n\n\n<p>Por su parte el ingeniero Jorge Alberto Hern\u00e1ndez Cortez de igual manera nos confirma que no tiene ning\u00fan acercamiento con el Partido Verde Ecologista de M\u00e9xico y asegur\u00f3 que, es entendible que quieran desestabilizar y desinformar&nbsp;a&nbsp;la&nbsp;sociedad.<\/p>\n","protected":false},"excerpt":{"rendered":"<p>Por Mois\u00e9s Medrano\/Zunoticia Huejutla, Hgo.- Ruth Sarah\u00ed Cruz Hern\u00e1ndez, aspirante de Ixtlahuaco, Lolotla y Jorge Alberto Hern\u00e1ndez Cortez de Huautla, ambos del Movimiento de Regeneraci\u00f3n Nacional, rechazaron, en entrevista por separado, que tengan que ver con el Partido Verde Ecologista de M\u00e9xico. Entrevistada Ruth Sarah\u00ed v\u00eda telef\u00f3nica se\u00f1al\u00f3 &#8220;es completamente falso, yo rechazo categ\u00f3ricamente esa&hellip; <a class=\"more-link\" href=\"https:\/\/www.zunoticia.com\/noticias-de-hidalgo\/2024\/03\/14\/aspirantes-de-lolotla-y-huautla-rechazan-que-van-por-el-pvem\/\">Seguir leyendo <span class=\"screen-reader-text\">Aspirantes de Lolotla y Huautla rechazan que van por el PVEM<\/span><\/a><\/p>\n","protected":false},"author":12,"featured_media":531359,"comment_status":"open","ping_status":"open","sticky":false,"template":"","format":"standard","meta":{"rop_custom_images_group":[],"rop_custom_messages_group":[],"rop_publish_now":"initial","rop_publish_now_accounts":{"facebook_10159540855086992_322828327761733":""},"rop_publish_now_history":[],"rop_publish_now_status":"pending","footnotes":""},"categories":[181],"tags":[121],"class_list":["post-531381","post","type-post","status-publish","format-standard","has-post-thumbnail","hentry","category-huejutla","tag-huejutla","entry"],"_links":{"self":[{"href":"https:\/\/www.zunoticia.com\/noticias-de-hidalgo\/wp-json\/wp\/v2\/posts\/531381","targetHints":{"allow":["GET"]}}],"collection":[{"href":"https:\/\/www.zunoticia.com\/noticias-de-hidalgo\/wp-json\/wp\/v2\/posts"}],"about":[{"href":"https:\/\/www.zunoticia.com\/noticias-de-hidalgo\/wp-json\/wp\/v2\/types\/post"}],"author":[{"embeddable":true,"href":"https:\/\/www.zunoticia.com\/noticias-de-hidalgo\/wp-json\/wp\/v2\/users\/12"}],"replies":[{"embeddable":true,"href":"https:\/\/www.zunoticia.com\/noticias-de-hidalgo\/wp-json\/wp\/v2\/comments?post=531381"}],"version-history":[{"count":1,"href":"https:\/\/www.zunoticia.com\/noticias-de-hidalgo\/wp-json\/wp\/v2\/posts\/531381\/revisions"}],"predecessor-version":[{"id":531385,"href":"https:\/\/www.zunoticia.com\/noticias-de-hidalgo\/wp-json\/wp\/v2\/posts\/531381\/revisions\/531385"}],"wp:featuredmedia":[{"embeddable":true,"href":"https:\/\/www.zunoticia.com\/noticias-de-hidalgo\/wp-json\/wp\/v2\/media\/531359"}],"wp:attachment":[{"href":"https:\/\/www.zunoticia.com\/noticias-de-hidalgo\/wp-json\/wp\/v2\/media?parent=531381"}],"wp:term":[{"taxonomy":"category","embeddable":true,"href":"https:\/\/www.zunoticia.com\/noticias-de-hidalgo\/wp-json\/wp\/v2\/categories?post=531381"},{"taxonomy":"post_tag","embeddable":true,"href":"https:\/\/www.zunoticia.com\/noticias-de-hidalgo\/wp-json\/wp\/v2\/tags?post=531381"}],"curies":[{"name":"wp","href":"https:\/\/api.w.org\/{rel}","templated":true}]}}