{"id":531382,"date":"2024-03-14T20:50:45","date_gmt":"2024-03-15T02:50:45","guid":{"rendered":"https:\/\/www.zunoticia.com\/noticias-de-hidalgo\/?p=531382"},"modified":"2024-03-14T20:50:48","modified_gmt":"2024-03-15T02:50:48","slug":"me-quedo-en-morena-alva-reacciona-contra-intento-de-confusion-de-que-va-al-pvem","status":"publish","type":"post","link":"https:\/\/www.zunoticia.com\/noticias-de-hidalgo\/2024\/03\/14\/me-quedo-en-morena-alva-reacciona-contra-intento-de-confusion-de-que-va-al-pvem\/","title":{"rendered":"\u201cMe quedo en Morena\u201d, \u00a0Alva reacciona contra intento de confusi\u00f3n de que va al PVEM"},"content":{"rendered":"<aside class=\"mashsb-container mashsb-main mashsb-stretched\"><div class=\"mashsb-box\"><div class=\"mashsb-count mash-large\" style=\"float:left\"><div class=\"counts mashsbcount\">55<\/div><span class=\"mashsb-sharetext\">SHARES<\/span><\/div><div class=\"mashsb-buttons\"><a class=\"mashicon-facebook mash-large mash-center mashsb-noshadow\" href=\"https:\/\/www.facebook.com\/sharer.php?u=https%3A%2F%2Fwww.zunoticia.com%2Fnoticias-de-hidalgo%2F2024%2F03%2F14%2Fme-quedo-en-morena-alva-reacciona-contra-intento-de-confusion-de-que-va-al-pvem%2F\" target=\"_top\" rel=\"nofollow\"><span class=\"icon\"><\/span><span class=\"text\">Share<\/span><\/a><a class=\"mashicon-twitter mash-large mash-center mashsb-noshadow\" href=\"https:\/\/twitter.com\/intent\/tweet?text=&amp;url=https:\/\/www.zunoticia.com\/noticias-de-hidalgo\/2024\/03\/14\/me-quedo-en-morena-alva-reacciona-contra-intento-de-confusion-de-que-va-al-pvem\/\" target=\"_top\" rel=\"nofollow\"><span class=\"icon\"><\/span><span class=\"text\">Tweet<\/span><\/a><div class=\"onoffswitch2 mash-large mashsb-noshadow\" style=\"display:none\"><\/div><\/div>\n            <\/div>\n                <div style=\"clear:both\"><\/div><div class=\"mashsb-toggle-container\"><\/div><\/aside>\n            <!-- Share buttons by mashshare.net - Version: 4.0.47-->\n<p><em>Por Mois\u00e9s Medrano\/Zunoticia<\/em><\/p>\n\n\n\n<p><strong>Huejutla, Hgo.-<\/strong> \u201c!No me cambio ni me rajo\u00a1\u201d expres\u00f3 Alva Hern\u00e1ndez, vecina de Yahualica, ante el intento de confusi\u00f3n que realiza el inter\u00e9s del Partido Verde por sorprender a los ciudadanos con una lista ficticia que busca la desinformaci\u00f3n ante los ciudadanos.<\/p>\n\n\n\n<p>Revel\u00f3 ante Zunoticia que, como mujer Ind\u00edgena, sus padres le han inculcado lealtad y hacer cumplir su palabra, &#8220;es por ello que refrendo mi total respaldo al Proyecto de Naci\u00f3n de nuestro presidente, Andr\u00e9s Manuel L\u00f3pez Obrador, y construir el Segundo Piso de la Cuarta Transformaci\u00f3n de la mano de nuestra futura Presidenta de la Rep\u00fablica, Doctora Claudia Sheinbaum&#8221;.<\/p>\n\n\n\n<p>Dijo que, contin\u00faa firme en el proyecto y que su lucha se mantiene para acabar por la corrupci\u00f3n en su municipio.<\/p>\n\n\n\n<p>Pidi\u00f3 a sus amigos no hacer caso a la informaci\u00f3n que circula en redes sociales y ya que es totalmente falsa.<\/p>\n\n\n\n<p>&#8220;Claramente se ve la corrupci\u00f3n representada por la vieja pol\u00edtica, andan desesperados y desesperadas, pero como dice nuestro Presidente Andr\u00e9s Manuel L\u00f3pez Obrador \u00a1NO VAMOS A CAER EN PROVOCACIONES!&#8221;<\/p>\n\n\n\n<p>Dijo finalmente que, ella respeta a todos los partidos pol\u00edticos.<\/p>\n\n\n\n<p>Dijo a Zunoticia que, se mantiene en Morena y seguir\u00e1 trabajando por los ideales de la Cuarta&nbsp;Transformaci\u00f3n.<\/p>\n","protected":false},"excerpt":{"rendered":"<p>Por Mois\u00e9s Medrano\/Zunoticia Huejutla, Hgo.- \u201c!No me cambio ni me rajo\u00a1\u201d expres\u00f3 Alva Hern\u00e1ndez, vecina de Yahualica, ante el intento de confusi\u00f3n que realiza el inter\u00e9s del Partido Verde por sorprender a los ciudadanos con una lista ficticia que busca la desinformaci\u00f3n ante los ciudadanos. Revel\u00f3 ante Zunoticia que, como mujer Ind\u00edgena, sus padres le&hellip; <a class=\"more-link\" href=\"https:\/\/www.zunoticia.com\/noticias-de-hidalgo\/2024\/03\/14\/me-quedo-en-morena-alva-reacciona-contra-intento-de-confusion-de-que-va-al-pvem\/\">Seguir leyendo <span class=\"screen-reader-text\">\u201cMe quedo en Morena\u201d, \u00a0Alva reacciona contra intento de confusi\u00f3n de que va al PVEM<\/span><\/a><\/p>\n","protected":false},"author":12,"featured_media":531361,"comment_status":"open","ping_status":"open","sticky":false,"template":"","format":"standard","meta":{"rop_custom_images_group":[],"rop_custom_messages_group":[],"rop_publish_now":"initial","rop_publish_now_accounts":{"facebook_10159540855086992_322828327761733":""},"rop_publish_now_history":[],"rop_publish_now_status":"pending","footnotes":""},"categories":[181],"tags":[121],"class_list":["post-531382","post","type-post","status-publish","format-standard","has-post-thumbnail","hentry","category-huejutla","tag-huejutla","entry"],"_links":{"self":[{"href":"https:\/\/www.zunoticia.com\/noticias-de-hidalgo\/wp-json\/wp\/v2\/posts\/531382","targetHints":{"allow":["GET"]}}],"collection":[{"href":"https:\/\/www.zunoticia.com\/noticias-de-hidalgo\/wp-json\/wp\/v2\/posts"}],"about":[{"href":"https:\/\/www.zunoticia.com\/noticias-de-hidalgo\/wp-json\/wp\/v2\/types\/post"}],"author":[{"embeddable":true,"href":"https:\/\/www.zunoticia.com\/noticias-de-hidalgo\/wp-json\/wp\/v2\/users\/12"}],"replies":[{"embeddable":true,"href":"https:\/\/www.zunoticia.com\/noticias-de-hidalgo\/wp-json\/wp\/v2\/comments?post=531382"}],"version-history":[{"count":1,"href":"https:\/\/www.zunoticia.com\/noticias-de-hidalgo\/wp-json\/wp\/v2\/posts\/531382\/revisions"}],"predecessor-version":[{"id":531383,"href":"https:\/\/www.zunoticia.com\/noticias-de-hidalgo\/wp-json\/wp\/v2\/posts\/531382\/revisions\/531383"}],"wp:featuredmedia":[{"embeddable":true,"href":"https:\/\/www.zunoticia.com\/noticias-de-hidalgo\/wp-json\/wp\/v2\/media\/531361"}],"wp:attachment":[{"href":"https:\/\/www.zunoticia.com\/noticias-de-hidalgo\/wp-json\/wp\/v2\/media?parent=531382"}],"wp:term":[{"taxonomy":"category","embeddable":true,"href":"https:\/\/www.zunoticia.com\/noticias-de-hidalgo\/wp-json\/wp\/v2\/categories?post=531382"},{"taxonomy":"post_tag","embeddable":true,"href":"https:\/\/www.zunoticia.com\/noticias-de-hidalgo\/wp-json\/wp\/v2\/tags?post=531382"}],"curies":[{"name":"wp","href":"https:\/\/api.w.org\/{rel}","templated":true}]}}