{"id":531384,"date":"2024-03-14T21:00:24","date_gmt":"2024-03-15T03:00:24","guid":{"rendered":"https:\/\/www.zunoticia.com\/noticias-de-hidalgo\/?p=531384"},"modified":"2024-03-14T21:00:27","modified_gmt":"2024-03-15T03:00:27","slug":"arrancara-j2-de-lmfvm-msar","status":"publish","type":"post","link":"https:\/\/www.zunoticia.com\/noticias-de-hidalgo\/2024\/03\/14\/arrancara-j2-de-lmfvm-msar\/","title":{"rendered":"Arrancar\u00e1 J2 de LMFVM: MSAR"},"content":{"rendered":"<aside class=\"mashsb-container mashsb-main mashsb-stretched\"><div class=\"mashsb-box\"><div class=\"mashsb-count mash-large\" style=\"float:left\"><div class=\"counts mashsbcount\">10<\/div><span class=\"mashsb-sharetext\">SHARES<\/span><\/div><div class=\"mashsb-buttons\"><a class=\"mashicon-facebook mash-large mash-center mashsb-noshadow\" href=\"https:\/\/www.facebook.com\/sharer.php?u=https%3A%2F%2Fwww.zunoticia.com%2Fnoticias-de-hidalgo%2F2024%2F03%2F14%2Farrancara-j2-de-lmfvm-msar%2F\" target=\"_top\" rel=\"nofollow\"><span class=\"icon\"><\/span><span class=\"text\">Share<\/span><\/a><a class=\"mashicon-twitter mash-large mash-center mashsb-noshadow\" href=\"https:\/\/twitter.com\/intent\/tweet?text=&amp;url=https:\/\/www.zunoticia.com\/noticias-de-hidalgo\/2024\/03\/14\/arrancara-j2-de-lmfvm-msar\/\" target=\"_top\" rel=\"nofollow\"><span class=\"icon\"><\/span><span class=\"text\">Tweet<\/span><\/a><div class=\"onoffswitch2 mash-large mashsb-noshadow\" style=\"display:none\"><\/div><\/div>\n            <\/div>\n                <div style=\"clear:both\"><\/div><div class=\"mashsb-toggle-container\"><\/div><\/aside>\n            <!-- Share buttons by mashshare.net - Version: 4.0.47-->\n<p><em>Por Jos\u00e9 Luis Romero Ruiz\/Zunoticia<\/em><\/p>\n\n\n\n<p><strong>Huejutla, Hgo.-<\/strong> El presidente de la Liga Municipal de F\u00fatbol de Veteranos M\u00e1ster (LMFVM), Miguel Sabino Acu\u00f1a Ram\u00edrez, inform\u00f3 que, el viernes 15 de marzo del a\u00f1o en curso se realizar\u00e1 la actividad de la jornada 2 del torneo de liga 2024.<\/p>\n\n\n\n<p>Acu\u00f1a Ram\u00edrez present\u00f3 el rol de la jornada 2: en el Corral Blanco 1: a las 16:00 horas Guerreros vs. Tuzos, en el Corral Blanco 2: a las 16:00 horas Radio Tordos vs Radio Ahuatl, en el Corral Blanco 3: a las 16:00 horas AHUFE vs.&nbsp; Bayern M\u00fanich, y en la Unidad Deportiva \u201cEl Tordo\u201d: a las 16:00 horas Amigos de Dar\u00edo vs. Inter Uni\u00f3n.<\/p>\n\n\n\n<p>El responsable de la LMFVM dio a conocer la posici\u00f3n de los 9 equipos: en 1er lugar: Deportivo Plat\u00f3n con 3, en 2do: AHUFE con 3, en 3er: Tuzos con 3, en 4to: Bayern M\u00fanich con 2, en 5to Guerreros con 1, en 6to: Radio Tordos con 0, en 7mo: Inter Uni\u00f3n con 0, en 8vo: Radio Ahuatl con 0, y en 9no: Amigos de Dar\u00edo con 0 (descanso), finaliz\u00f3.<\/p>\n","protected":false},"excerpt":{"rendered":"<p>Por Jos\u00e9 Luis Romero Ruiz\/Zunoticia Huejutla, Hgo.- El presidente de la Liga Municipal de F\u00fatbol de Veteranos M\u00e1ster (LMFVM), Miguel Sabino Acu\u00f1a Ram\u00edrez, inform\u00f3 que, el viernes 15 de marzo del a\u00f1o en curso se realizar\u00e1 la actividad de la jornada 2 del torneo de liga 2024. Acu\u00f1a Ram\u00edrez present\u00f3 el rol de la jornada&hellip; <a class=\"more-link\" href=\"https:\/\/www.zunoticia.com\/noticias-de-hidalgo\/2024\/03\/14\/arrancara-j2-de-lmfvm-msar\/\">Seguir leyendo <span class=\"screen-reader-text\">Arrancar\u00e1 J2 de LMFVM: MSAR<\/span><\/a><\/p>\n","protected":false},"author":12,"featured_media":531370,"comment_status":"open","ping_status":"open","sticky":false,"template":"","format":"standard","meta":{"rop_custom_images_group":[],"rop_custom_messages_group":[],"rop_publish_now":"initial","rop_publish_now_accounts":{"facebook_10159540855086992_322828327761733":""},"rop_publish_now_history":[],"rop_publish_now_status":"pending","footnotes":""},"categories":[177],"tags":[215],"class_list":["post-531384","post","type-post","status-publish","format-standard","has-post-thumbnail","hentry","category-deportes","tag-deportes","entry"],"_links":{"self":[{"href":"https:\/\/www.zunoticia.com\/noticias-de-hidalgo\/wp-json\/wp\/v2\/posts\/531384","targetHints":{"allow":["GET"]}}],"collection":[{"href":"https:\/\/www.zunoticia.com\/noticias-de-hidalgo\/wp-json\/wp\/v2\/posts"}],"about":[{"href":"https:\/\/www.zunoticia.com\/noticias-de-hidalgo\/wp-json\/wp\/v2\/types\/post"}],"author":[{"embeddable":true,"href":"https:\/\/www.zunoticia.com\/noticias-de-hidalgo\/wp-json\/wp\/v2\/users\/12"}],"replies":[{"embeddable":true,"href":"https:\/\/www.zunoticia.com\/noticias-de-hidalgo\/wp-json\/wp\/v2\/comments?post=531384"}],"version-history":[{"count":1,"href":"https:\/\/www.zunoticia.com\/noticias-de-hidalgo\/wp-json\/wp\/v2\/posts\/531384\/revisions"}],"predecessor-version":[{"id":531387,"href":"https:\/\/www.zunoticia.com\/noticias-de-hidalgo\/wp-json\/wp\/v2\/posts\/531384\/revisions\/531387"}],"wp:featuredmedia":[{"embeddable":true,"href":"https:\/\/www.zunoticia.com\/noticias-de-hidalgo\/wp-json\/wp\/v2\/media\/531370"}],"wp:attachment":[{"href":"https:\/\/www.zunoticia.com\/noticias-de-hidalgo\/wp-json\/wp\/v2\/media?parent=531384"}],"wp:term":[{"taxonomy":"category","embeddable":true,"href":"https:\/\/www.zunoticia.com\/noticias-de-hidalgo\/wp-json\/wp\/v2\/categories?post=531384"},{"taxonomy":"post_tag","embeddable":true,"href":"https:\/\/www.zunoticia.com\/noticias-de-hidalgo\/wp-json\/wp\/v2\/tags?post=531384"}],"curies":[{"name":"wp","href":"https:\/\/api.w.org\/{rel}","templated":true}]}}