{"id":531405,"date":"2024-03-15T12:42:35","date_gmt":"2024-03-15T18:42:35","guid":{"rendered":"https:\/\/www.zunoticia.com\/noticias-de-hidalgo\/?p=531405"},"modified":"2024-03-15T12:42:38","modified_gmt":"2024-03-15T18:42:38","slug":"adela-perez-se-deslinda-del-pri-y-ahora-es-gpi","status":"publish","type":"post","link":"https:\/\/www.zunoticia.com\/noticias-de-hidalgo\/2024\/03\/15\/adela-perez-se-deslinda-del-pri-y-ahora-es-gpi\/","title":{"rendered":"Adela P\u00e9rez se deslinda del PRI y ahora es GPI"},"content":{"rendered":"<aside class=\"mashsb-container mashsb-main mashsb-stretched\"><div class=\"mashsb-box\"><div class=\"mashsb-count mash-large\" style=\"float:left\"><div class=\"counts mashsbcount\">18<\/div><span class=\"mashsb-sharetext\">SHARES<\/span><\/div><div class=\"mashsb-buttons\"><a class=\"mashicon-facebook mash-large mash-center mashsb-noshadow\" href=\"https:\/\/www.facebook.com\/sharer.php?u=https%3A%2F%2Fwww.zunoticia.com%2Fnoticias-de-hidalgo%2F2024%2F03%2F15%2Fadela-perez-se-deslinda-del-pri-y-ahora-es-gpi%2F\" target=\"_top\" rel=\"nofollow\"><span class=\"icon\"><\/span><span class=\"text\">Share<\/span><\/a><a class=\"mashicon-twitter mash-large mash-center mashsb-noshadow\" href=\"https:\/\/twitter.com\/intent\/tweet?text=&amp;url=https:\/\/www.zunoticia.com\/noticias-de-hidalgo\/2024\/03\/15\/adela-perez-se-deslinda-del-pri-y-ahora-es-gpi\/\" target=\"_top\" rel=\"nofollow\"><span class=\"icon\"><\/span><span class=\"text\">Tweet<\/span><\/a><div class=\"onoffswitch2 mash-large mashsb-noshadow\" style=\"display:none\"><\/div><\/div>\n            <\/div>\n                <div style=\"clear:both\"><\/div><div class=\"mashsb-toggle-container\"><\/div><\/aside>\n            <!-- Share buttons by mashshare.net - Version: 4.0.47-->\n<p><em>Por Mois\u00e9s Medrano\/ Zunoticia<\/em><\/p>\n\n\n\n<p><strong>Huejutla, Hgo<\/strong>.- Adela P\u00e9rez Espinoza, regidora del Partido Revolucionario Institucional (PRI) de declar\u00f3 independiente al se\u00f1alar que respeta las siglas del PRI, pero no coincide con la dirigencia nacional, por lo que ahora es parte del Grupo Plural Independiente.<\/p>\n\n\n\n<p>Entrevistada sobre si buscar\u00e1 un espacio en la pol\u00edtica, rechaz\u00f3 alguna acci\u00f3n como tal y dijo, no est\u00e1 apoyando ning\u00fan color pol\u00edtico, sino que estar\u00e1 del lado de la gente, respaldando.<\/p>\n\n\n\n<p>Rechaz\u00f3 que vaya a participar y neg\u00f3 tener alg\u00fan color pol\u00edtico, explic\u00f3 que est\u00e1 atenta al escenario electoral, que apenas se habr\u00e1 de abrir el proceso electoral local y ah\u00ed estar\u00eda definiendo con la gente, por alguien que vea por el pueblo y que tenga un ayuntamiento de \u201cpuertas abiertas\u201d.<\/p>\n","protected":false},"excerpt":{"rendered":"<p>Por Mois\u00e9s Medrano\/ Zunoticia Huejutla, Hgo.- Adela P\u00e9rez Espinoza, regidora del Partido Revolucionario Institucional (PRI) de declar\u00f3 independiente al se\u00f1alar que respeta las siglas del PRI, pero no coincide con la dirigencia nacional, por lo que ahora es parte del Grupo Plural Independiente. Entrevistada sobre si buscar\u00e1 un espacio en la pol\u00edtica, rechaz\u00f3 alguna acci\u00f3n&hellip; <a class=\"more-link\" href=\"https:\/\/www.zunoticia.com\/noticias-de-hidalgo\/2024\/03\/15\/adela-perez-se-deslinda-del-pri-y-ahora-es-gpi\/\">Seguir leyendo <span class=\"screen-reader-text\">Adela P\u00e9rez se deslinda del PRI y ahora es GPI<\/span><\/a><\/p>\n","protected":false},"author":20,"featured_media":531406,"comment_status":"open","ping_status":"open","sticky":false,"template":"","format":"standard","meta":{"rop_custom_images_group":[],"rop_custom_messages_group":[],"rop_publish_now":"initial","rop_publish_now_accounts":{"facebook_10159540855086992_322828327761733":""},"rop_publish_now_history":[],"rop_publish_now_status":"pending","footnotes":""},"categories":[181],"tags":[121],"class_list":["post-531405","post","type-post","status-publish","format-standard","has-post-thumbnail","hentry","category-huejutla","tag-huejutla","entry"],"_links":{"self":[{"href":"https:\/\/www.zunoticia.com\/noticias-de-hidalgo\/wp-json\/wp\/v2\/posts\/531405","targetHints":{"allow":["GET"]}}],"collection":[{"href":"https:\/\/www.zunoticia.com\/noticias-de-hidalgo\/wp-json\/wp\/v2\/posts"}],"about":[{"href":"https:\/\/www.zunoticia.com\/noticias-de-hidalgo\/wp-json\/wp\/v2\/types\/post"}],"author":[{"embeddable":true,"href":"https:\/\/www.zunoticia.com\/noticias-de-hidalgo\/wp-json\/wp\/v2\/users\/20"}],"replies":[{"embeddable":true,"href":"https:\/\/www.zunoticia.com\/noticias-de-hidalgo\/wp-json\/wp\/v2\/comments?post=531405"}],"version-history":[{"count":1,"href":"https:\/\/www.zunoticia.com\/noticias-de-hidalgo\/wp-json\/wp\/v2\/posts\/531405\/revisions"}],"predecessor-version":[{"id":531407,"href":"https:\/\/www.zunoticia.com\/noticias-de-hidalgo\/wp-json\/wp\/v2\/posts\/531405\/revisions\/531407"}],"wp:featuredmedia":[{"embeddable":true,"href":"https:\/\/www.zunoticia.com\/noticias-de-hidalgo\/wp-json\/wp\/v2\/media\/531406"}],"wp:attachment":[{"href":"https:\/\/www.zunoticia.com\/noticias-de-hidalgo\/wp-json\/wp\/v2\/media?parent=531405"}],"wp:term":[{"taxonomy":"category","embeddable":true,"href":"https:\/\/www.zunoticia.com\/noticias-de-hidalgo\/wp-json\/wp\/v2\/categories?post=531405"},{"taxonomy":"post_tag","embeddable":true,"href":"https:\/\/www.zunoticia.com\/noticias-de-hidalgo\/wp-json\/wp\/v2\/tags?post=531405"}],"curies":[{"name":"wp","href":"https:\/\/api.w.org\/{rel}","templated":true}]}}