{"id":531421,"date":"2024-03-15T16:26:52","date_gmt":"2024-03-15T22:26:52","guid":{"rendered":"https:\/\/www.zunoticia.com\/noticias-de-hidalgo\/?p=531421"},"modified":"2024-03-15T16:26:56","modified_gmt":"2024-03-15T22:26:56","slug":"festejaron-60-anos-de-educacion-primaria-indigena","status":"publish","type":"post","link":"https:\/\/www.zunoticia.com\/noticias-de-hidalgo\/2024\/03\/15\/festejaron-60-anos-de-educacion-primaria-indigena\/","title":{"rendered":"Festejaron 60 a\u00f1os de Educaci\u00f3n primaria ind\u00edgena"},"content":{"rendered":"<aside class=\"mashsb-container mashsb-main mashsb-stretched\"><div class=\"mashsb-box\"><div class=\"mashsb-count mash-large\" style=\"float:left\"><div class=\"counts mashsbcount\">7<\/div><span class=\"mashsb-sharetext\">SHARES<\/span><\/div><div class=\"mashsb-buttons\"><a class=\"mashicon-facebook mash-large mash-center mashsb-noshadow\" href=\"https:\/\/www.facebook.com\/sharer.php?u=https%3A%2F%2Fwww.zunoticia.com%2Fnoticias-de-hidalgo%2F2024%2F03%2F15%2Ffestejaron-60-anos-de-educacion-primaria-indigena%2F\" target=\"_top\" rel=\"nofollow\"><span class=\"icon\"><\/span><span class=\"text\">Share<\/span><\/a><a class=\"mashicon-twitter mash-large mash-center mashsb-noshadow\" href=\"https:\/\/twitter.com\/intent\/tweet?text=&amp;url=https:\/\/www.zunoticia.com\/noticias-de-hidalgo\/2024\/03\/15\/festejaron-60-anos-de-educacion-primaria-indigena\/\" target=\"_top\" rel=\"nofollow\"><span class=\"icon\"><\/span><span class=\"text\">Tweet<\/span><\/a><div class=\"onoffswitch2 mash-large mashsb-noshadow\" style=\"display:none\"><\/div><\/div>\n            <\/div>\n                <div style=\"clear:both\"><\/div><div class=\"mashsb-toggle-container\"><\/div><\/aside>\n            <!-- Share buttons by mashshare.net - Version: 4.0.47-->\n<p><em>Por Roberto Meza\/Zunoticia<\/em><\/p>\n\n\n\n<p><strong>Yahualica, Hgo.<\/strong> &#8211; Maestros de la zona 033 de Huiznopala, Yahualica, as\u00ed como 8 zonas escolares m\u00e1s de la huasteca este viernes festejaron 60 a\u00f1os de educaci\u00f3n ind\u00edgena, desarrollando diversas actividades culturales y etnoling\u00fc\u00edsticas para seguir fortaleciendo la educaci\u00f3n de los ni\u00f1os de las diversas comunidades.<\/p>\n\n\n\n<p>Fue en la primaria \u201cBenito Ju\u00e1rez\u201d de la comunidad de Papatlatla Calnali, de la zona escolar de Huiznopala de este municipio, donde los maestros se concentraron para dar paso a las actividades como danzas aut\u00f3ctonas, cantos en la lengua n\u00e1huatl, presentaci\u00f3n de escoltas e interpretaci\u00f3n del himno en la lengua materna, presentaci\u00f3n de los abecedarios en n\u00e1huatl, entre otras tem\u00e1ticas de gran val\u00eda para el magisterio biling\u00fce.<\/p>\n\n\n\n<p>En la mesa del pres\u00eddium se cont\u00f3 con la presencia de jefes de sector, supervisores, autoridades de la Secretar\u00eda de Educaci\u00f3n P\u00fablica de Hidalgo y representantes sindicales; de esta forma los maestros proyectan la educaci\u00f3n ind\u00edgena en su 60 aniversario. En el acto los alumnos de este municipio tambi\u00e9n destacaron con su presencia en sus diversos n\u00fameros y defendiendo sus ra\u00edces culturales.<\/p>\n\n\n\n<p><\/p>\n","protected":false},"excerpt":{"rendered":"<p>Por Roberto Meza\/Zunoticia Yahualica, Hgo. &#8211; Maestros de la zona 033 de Huiznopala, Yahualica, as\u00ed como 8 zonas escolares m\u00e1s de la huasteca este viernes festejaron 60 a\u00f1os de educaci\u00f3n ind\u00edgena, desarrollando diversas actividades culturales y etnoling\u00fc\u00edsticas para seguir fortaleciendo la educaci\u00f3n de los ni\u00f1os de las diversas comunidades. Fue en la primaria \u201cBenito Ju\u00e1rez\u201d&hellip; <a class=\"more-link\" href=\"https:\/\/www.zunoticia.com\/noticias-de-hidalgo\/2024\/03\/15\/festejaron-60-anos-de-educacion-primaria-indigena\/\">Seguir leyendo <span class=\"screen-reader-text\">Festejaron 60 a\u00f1os de Educaci\u00f3n primaria ind\u00edgena<\/span><\/a><\/p>\n","protected":false},"author":20,"featured_media":531422,"comment_status":"open","ping_status":"open","sticky":false,"template":"","format":"standard","meta":{"rop_custom_images_group":[],"rop_custom_messages_group":[],"rop_publish_now":"initial","rop_publish_now_accounts":{"facebook_10159540855086992_322828327761733":""},"rop_publish_now_history":[],"rop_publish_now_status":"pending","footnotes":""},"categories":[179,203],"tags":[123],"class_list":["post-531421","post","type-post","status-publish","format-standard","has-post-thumbnail","hentry","category-huasteca","category-yahualica","tag-yahualica","entry"],"_links":{"self":[{"href":"https:\/\/www.zunoticia.com\/noticias-de-hidalgo\/wp-json\/wp\/v2\/posts\/531421","targetHints":{"allow":["GET"]}}],"collection":[{"href":"https:\/\/www.zunoticia.com\/noticias-de-hidalgo\/wp-json\/wp\/v2\/posts"}],"about":[{"href":"https:\/\/www.zunoticia.com\/noticias-de-hidalgo\/wp-json\/wp\/v2\/types\/post"}],"author":[{"embeddable":true,"href":"https:\/\/www.zunoticia.com\/noticias-de-hidalgo\/wp-json\/wp\/v2\/users\/20"}],"replies":[{"embeddable":true,"href":"https:\/\/www.zunoticia.com\/noticias-de-hidalgo\/wp-json\/wp\/v2\/comments?post=531421"}],"version-history":[{"count":1,"href":"https:\/\/www.zunoticia.com\/noticias-de-hidalgo\/wp-json\/wp\/v2\/posts\/531421\/revisions"}],"predecessor-version":[{"id":531423,"href":"https:\/\/www.zunoticia.com\/noticias-de-hidalgo\/wp-json\/wp\/v2\/posts\/531421\/revisions\/531423"}],"wp:featuredmedia":[{"embeddable":true,"href":"https:\/\/www.zunoticia.com\/noticias-de-hidalgo\/wp-json\/wp\/v2\/media\/531422"}],"wp:attachment":[{"href":"https:\/\/www.zunoticia.com\/noticias-de-hidalgo\/wp-json\/wp\/v2\/media?parent=531421"}],"wp:term":[{"taxonomy":"category","embeddable":true,"href":"https:\/\/www.zunoticia.com\/noticias-de-hidalgo\/wp-json\/wp\/v2\/categories?post=531421"},{"taxonomy":"post_tag","embeddable":true,"href":"https:\/\/www.zunoticia.com\/noticias-de-hidalgo\/wp-json\/wp\/v2\/tags?post=531421"}],"curies":[{"name":"wp","href":"https:\/\/api.w.org\/{rel}","templated":true}]}}