{"id":532563,"date":"2024-03-23T11:38:23","date_gmt":"2024-03-23T17:38:23","guid":{"rendered":"https:\/\/www.zunoticia.com\/noticias-de-hidalgo\/?p=532563"},"modified":"2024-03-23T11:38:31","modified_gmt":"2024-03-23T17:38:31","slug":"para-domingo-de-ramos-se-venden-palmas-laurel-manzanilla-y-romero-ah","status":"publish","type":"post","link":"https:\/\/www.zunoticia.com\/noticias-de-hidalgo\/2024\/03\/23\/para-domingo-de-ramos-se-venden-palmas-laurel-manzanilla-y-romero-ah\/","title":{"rendered":"Para Domingo de Ramos se venden palmas, laurel, manzanilla y romero: AH"},"content":{"rendered":"<aside class=\"mashsb-container mashsb-main mashsb-stretched\"><div class=\"mashsb-box\"><div class=\"mashsb-count mash-large\" style=\"float:left\"><div class=\"counts mashsbcount\">3<\/div><span class=\"mashsb-sharetext\">SHARES<\/span><\/div><div class=\"mashsb-buttons\"><a class=\"mashicon-facebook mash-large mash-center mashsb-noshadow\" href=\"https:\/\/www.facebook.com\/sharer.php?u=https%3A%2F%2Fwww.zunoticia.com%2Fnoticias-de-hidalgo%2F2024%2F03%2F23%2Fpara-domingo-de-ramos-se-venden-palmas-laurel-manzanilla-y-romero-ah%2F\" target=\"_top\" rel=\"nofollow\"><span class=\"icon\"><\/span><span class=\"text\">Share<\/span><\/a><a class=\"mashicon-twitter mash-large mash-center mashsb-noshadow\" href=\"https:\/\/twitter.com\/intent\/tweet?text=&amp;url=https:\/\/www.zunoticia.com\/noticias-de-hidalgo\/2024\/03\/23\/para-domingo-de-ramos-se-venden-palmas-laurel-manzanilla-y-romero-ah\/\" target=\"_top\" rel=\"nofollow\"><span class=\"icon\"><\/span><span class=\"text\">Tweet<\/span><\/a><div class=\"onoffswitch2 mash-large mashsb-noshadow\" style=\"display:none\"><\/div><\/div>\n            <\/div>\n                <div style=\"clear:both\"><\/div><div class=\"mashsb-toggle-container\"><\/div><\/aside>\n            <!-- Share buttons by mashshare.net - Version: 4.0.47-->\n<p><\/p>\n\n\n\n<p><em>Por Enedino Hern\u00e1ndez\/Zunoticia<\/em><\/p>\n\n\n\n<p><strong>Huejutla, Hgo<\/strong>.- El comerciante de Palmas y Ramos, Andr\u00e9s Hern\u00e1ndez, quien expende productos en el \u00e1rea del laminado en la zona del mercado municipal de Huejutla, se\u00f1al\u00f3 que para el d\u00eda Domingo de Ramos, con motivo del inicio de la Semana Santa, se vende con toda anticipaci\u00f3n las palmas en sus diversos tama\u00f1os, adem\u00e1s de los ramos de laurel, manzanilla y romero.<\/p>\n\n\n\n<p>Detall\u00f3 que, estos productos se venden a\u00f1o con a\u00f1o de manera tradicional y para esta ocasi\u00f3n, con motivo del Domingo de Ramos 2024 esperan alcanzar una buena actividad comercial.<\/p>\n\n\n\n<p>Dijo que, actualmente los precios de los productos de temporada como son las palmas y los ramos de laurel, manzanilla y romero, van desde los 10.00 pesos el rollito, aunque tambi\u00e9n se tienen rollos m\u00e1s grandes que cuestan de 80.00, 90.00 y hasta 120.00 pesos.<\/p>\n\n\n\n<p>\u201cTenemos los mejores costos, creo que es hasta un poco m\u00e1s barato en comparaci\u00f3n que el a\u00f1o anterior. La verdad que s\u00ed esperamos acabar con todo, queremos que nos vaya bien a todos\u201d.<\/p>\n\n\n\n<p>Andr\u00e9s Hern\u00e1ndez, coment\u00f3 que las ventas se intensificaron principalmente desde el jueves, viernes, s\u00e1bado y esperan rematar con todo el domingo cuando se realiza la Bendici\u00f3n de Palmas.<\/p>\n\n\n\n<p>Concluy\u00f3 que, con todo esto se observa que se fortalece la fe de la poblaci\u00f3n cat\u00f3lica, pues son muchos los ciudadanos que acuden a las calles para poder comprar con toda anticipaci\u00f3n las palmas, as\u00ed como los ramos de laurel, manzanilla y romero.<\/p>\n\n\n\n<figure class=\"wp-block-image size-large\"><img fetchpriority=\"high\" decoding=\"async\" width=\"1600\" height=\"720\" src=\"https:\/\/www.zunoticia.com\/noticias-de-hidalgo\/wp-content\/uploads\/2024\/03\/eZy_watermark_23-03-2024_11-38-04.jpg\" alt=\"\" class=\"wp-image-532562\"\/><\/figure>\n","protected":false},"excerpt":{"rendered":"<p>Por Enedino Hern\u00e1ndez\/Zunoticia Huejutla, Hgo.- El comerciante de Palmas y Ramos, Andr\u00e9s Hern\u00e1ndez, quien expende productos en el \u00e1rea del laminado en la zona del mercado municipal de Huejutla, se\u00f1al\u00f3 que para el d\u00eda Domingo de Ramos, con motivo del inicio de la Semana Santa, se vende con toda anticipaci\u00f3n las palmas en sus diversos&hellip; <a class=\"more-link\" href=\"https:\/\/www.zunoticia.com\/noticias-de-hidalgo\/2024\/03\/23\/para-domingo-de-ramos-se-venden-palmas-laurel-manzanilla-y-romero-ah\/\">Seguir leyendo <span class=\"screen-reader-text\">Para Domingo de Ramos se venden palmas, laurel, manzanilla y romero: AH<\/span><\/a><\/p>\n","protected":false},"author":20,"featured_media":532561,"comment_status":"open","ping_status":"open","sticky":false,"template":"","format":"standard","meta":{"rop_custom_images_group":[],"rop_custom_messages_group":[],"rop_publish_now":"initial","rop_publish_now_accounts":{"facebook_10159540855086992_322828327761733":""},"rop_publish_now_history":[],"rop_publish_now_status":"pending","footnotes":""},"categories":[181],"tags":[121],"class_list":["post-532563","post","type-post","status-publish","format-standard","has-post-thumbnail","hentry","category-huejutla","tag-huejutla","entry"],"_links":{"self":[{"href":"https:\/\/www.zunoticia.com\/noticias-de-hidalgo\/wp-json\/wp\/v2\/posts\/532563","targetHints":{"allow":["GET"]}}],"collection":[{"href":"https:\/\/www.zunoticia.com\/noticias-de-hidalgo\/wp-json\/wp\/v2\/posts"}],"about":[{"href":"https:\/\/www.zunoticia.com\/noticias-de-hidalgo\/wp-json\/wp\/v2\/types\/post"}],"author":[{"embeddable":true,"href":"https:\/\/www.zunoticia.com\/noticias-de-hidalgo\/wp-json\/wp\/v2\/users\/20"}],"replies":[{"embeddable":true,"href":"https:\/\/www.zunoticia.com\/noticias-de-hidalgo\/wp-json\/wp\/v2\/comments?post=532563"}],"version-history":[{"count":1,"href":"https:\/\/www.zunoticia.com\/noticias-de-hidalgo\/wp-json\/wp\/v2\/posts\/532563\/revisions"}],"predecessor-version":[{"id":532564,"href":"https:\/\/www.zunoticia.com\/noticias-de-hidalgo\/wp-json\/wp\/v2\/posts\/532563\/revisions\/532564"}],"wp:featuredmedia":[{"embeddable":true,"href":"https:\/\/www.zunoticia.com\/noticias-de-hidalgo\/wp-json\/wp\/v2\/media\/532561"}],"wp:attachment":[{"href":"https:\/\/www.zunoticia.com\/noticias-de-hidalgo\/wp-json\/wp\/v2\/media?parent=532563"}],"wp:term":[{"taxonomy":"category","embeddable":true,"href":"https:\/\/www.zunoticia.com\/noticias-de-hidalgo\/wp-json\/wp\/v2\/categories?post=532563"},{"taxonomy":"post_tag","embeddable":true,"href":"https:\/\/www.zunoticia.com\/noticias-de-hidalgo\/wp-json\/wp\/v2\/tags?post=532563"}],"curies":[{"name":"wp","href":"https:\/\/api.w.org\/{rel}","templated":true}]}}