{"id":532565,"date":"2024-03-23T13:50:27","date_gmt":"2024-03-23T19:50:27","guid":{"rendered":"https:\/\/www.zunoticia.com\/noticias-de-hidalgo\/?p=532565"},"modified":"2024-03-23T13:50:30","modified_gmt":"2024-03-23T19:50:30","slug":"carrera-por-la-integracion-familiar-en-huejutla","status":"publish","type":"post","link":"https:\/\/www.zunoticia.com\/noticias-de-hidalgo\/2024\/03\/23\/carrera-por-la-integracion-familiar-en-huejutla\/","title":{"rendered":"Carrera por la integraci\u00f3n familiar en Huejutla"},"content":{"rendered":"<aside class=\"mashsb-container mashsb-main mashsb-stretched\"><div class=\"mashsb-box\"><div class=\"mashsb-count mash-large\" style=\"float:left\"><div class=\"counts mashsbcount\">21<\/div><span class=\"mashsb-sharetext\">SHARES<\/span><\/div><div class=\"mashsb-buttons\"><a class=\"mashicon-facebook mash-large mash-center mashsb-noshadow\" href=\"https:\/\/www.facebook.com\/sharer.php?u=https%3A%2F%2Fwww.zunoticia.com%2Fnoticias-de-hidalgo%2F2024%2F03%2F23%2Fcarrera-por-la-integracion-familiar-en-huejutla%2F\" target=\"_top\" rel=\"nofollow\"><span class=\"icon\"><\/span><span class=\"text\">Share<\/span><\/a><a class=\"mashicon-twitter mash-large mash-center mashsb-noshadow\" href=\"https:\/\/twitter.com\/intent\/tweet?text=&amp;url=https:\/\/www.zunoticia.com\/noticias-de-hidalgo\/2024\/03\/23\/carrera-por-la-integracion-familiar-en-huejutla\/\" target=\"_top\" rel=\"nofollow\"><span class=\"icon\"><\/span><span class=\"text\">Tweet<\/span><\/a><div class=\"onoffswitch2 mash-large mashsb-noshadow\" style=\"display:none\"><\/div><\/div>\n            <\/div>\n                <div style=\"clear:both\"><\/div><div class=\"mashsb-toggle-container\"><\/div><\/aside>\n            <!-- Share buttons by mashshare.net - Version: 4.0.47-->\n<p><em>Por Redacci\u00f3n\/Zunoticia<\/em><\/p>\n\n\n\n<p><strong>Huejutla, Hgo<\/strong>.- Este s\u00e1bado 23 de marzo, en el marco del inicio del per\u00edodo vacacional de Semana Santa, se llev\u00f3 a cabo el evento &#8220;Runner Por la Integraci\u00f3n Familiar&#8221; en Huejutla de Reyes, Hidalgo.<br>La iniciativa, que busca fomentar la uni\u00f3n familiar a trav\u00e9s del deporte, reuni\u00f3 a m\u00e1s de 150 corredores de distintas edades y localidades.<br>El punto de partida para los participantes fue frente a la presidencia municipal, donde autoridades e invitados especiales dieron el banderazo de salida a los corredores. La actividad contempl\u00f3 distancias de 1, 5 y 10 kil\u00f3metros, permitiendo que cada participante eligiera el recorrido de acuerdo con su capacidad y preferencia.<\/p>\n\n\n\n<p>&#8220;Esta competencia no solo promueve la pr\u00e1ctica del deporte, sino que tambi\u00e9n busca estrechar lazos de amistad entre la comunidad runner del municipio y la de otras localidades vecinas&#8221;, mencion\u00f3 uno de los organizadores.<br>Asimismo, resalt\u00f3 que este evento es el pre\u00e1mbulo al Segundo Medio Marat\u00f3n que se llevar\u00e1 a cabo en mayo, cuando los participantes podr\u00e1n demostrar su resistencia f\u00edsica en distancias de 5 y 21 kil\u00f3metros.<\/p>\n\n\n\n<p>El evento &#8220;Runner Por la Integraci\u00f3n Familiar&#8221; demostr\u00f3 una vez m\u00e1s el inter\u00e9s y compromiso por fomentar h\u00e1bitos saludables y promover la convivencia familiar a trav\u00e9s del deporte.<\/p>\n\n\n\n<figure class=\"wp-block-gallery has-nested-images columns-default is-cropped wp-block-gallery-1 is-layout-flex wp-block-gallery-is-layout-flex\">\n<figure class=\"wp-block-image size-large\"><img fetchpriority=\"high\" decoding=\"async\" width=\"933\" height=\"524\" data-id=\"532567\" src=\"https:\/\/www.zunoticia.com\/noticias-de-hidalgo\/wp-content\/uploads\/2024\/03\/Zunoticia-Huejutla-1-184.png\" alt=\"\" class=\"wp-image-532567\"\/><\/figure>\n<\/figure>\n","protected":false},"excerpt":{"rendered":"<p>Por Redacci\u00f3n\/Zunoticia Huejutla, Hgo.- Este s\u00e1bado 23 de marzo, en el marco del inicio del per\u00edodo vacacional de Semana Santa, se llev\u00f3 a cabo el evento &#8220;Runner Por la Integraci\u00f3n Familiar&#8221; en Huejutla de Reyes, Hidalgo.La iniciativa, que busca fomentar la uni\u00f3n familiar a trav\u00e9s del deporte, reuni\u00f3 a m\u00e1s de 150 corredores de distintas&hellip; <a class=\"more-link\" href=\"https:\/\/www.zunoticia.com\/noticias-de-hidalgo\/2024\/03\/23\/carrera-por-la-integracion-familiar-en-huejutla\/\">Seguir leyendo <span class=\"screen-reader-text\">Carrera por la integraci\u00f3n familiar en Huejutla<\/span><\/a><\/p>\n","protected":false},"author":20,"featured_media":532566,"comment_status":"open","ping_status":"open","sticky":false,"template":"","format":"standard","meta":{"rop_custom_images_group":[],"rop_custom_messages_group":[],"rop_publish_now":"initial","rop_publish_now_accounts":{"facebook_10159540855086992_322828327761733":""},"rop_publish_now_history":[],"rop_publish_now_status":"pending","footnotes":""},"categories":[181],"tags":[121],"class_list":["post-532565","post","type-post","status-publish","format-standard","has-post-thumbnail","hentry","category-huejutla","tag-huejutla","entry"],"_links":{"self":[{"href":"https:\/\/www.zunoticia.com\/noticias-de-hidalgo\/wp-json\/wp\/v2\/posts\/532565","targetHints":{"allow":["GET"]}}],"collection":[{"href":"https:\/\/www.zunoticia.com\/noticias-de-hidalgo\/wp-json\/wp\/v2\/posts"}],"about":[{"href":"https:\/\/www.zunoticia.com\/noticias-de-hidalgo\/wp-json\/wp\/v2\/types\/post"}],"author":[{"embeddable":true,"href":"https:\/\/www.zunoticia.com\/noticias-de-hidalgo\/wp-json\/wp\/v2\/users\/20"}],"replies":[{"embeddable":true,"href":"https:\/\/www.zunoticia.com\/noticias-de-hidalgo\/wp-json\/wp\/v2\/comments?post=532565"}],"version-history":[{"count":1,"href":"https:\/\/www.zunoticia.com\/noticias-de-hidalgo\/wp-json\/wp\/v2\/posts\/532565\/revisions"}],"predecessor-version":[{"id":532568,"href":"https:\/\/www.zunoticia.com\/noticias-de-hidalgo\/wp-json\/wp\/v2\/posts\/532565\/revisions\/532568"}],"wp:featuredmedia":[{"embeddable":true,"href":"https:\/\/www.zunoticia.com\/noticias-de-hidalgo\/wp-json\/wp\/v2\/media\/532566"}],"wp:attachment":[{"href":"https:\/\/www.zunoticia.com\/noticias-de-hidalgo\/wp-json\/wp\/v2\/media?parent=532565"}],"wp:term":[{"taxonomy":"category","embeddable":true,"href":"https:\/\/www.zunoticia.com\/noticias-de-hidalgo\/wp-json\/wp\/v2\/categories?post=532565"},{"taxonomy":"post_tag","embeddable":true,"href":"https:\/\/www.zunoticia.com\/noticias-de-hidalgo\/wp-json\/wp\/v2\/tags?post=532565"}],"curies":[{"name":"wp","href":"https:\/\/api.w.org\/{rel}","templated":true}]}}