{"id":532574,"date":"2024-03-23T14:17:19","date_gmt":"2024-03-23T20:17:19","guid":{"rendered":"https:\/\/www.zunoticia.com\/noticias-de-hidalgo\/?p=532574"},"modified":"2024-03-23T14:43:03","modified_gmt":"2024-03-23T20:43:03","slug":"que-el-nuevo-comite-de-la-ucla-presente-su-proyecto-de-trabajo-nereo-ramirez","status":"publish","type":"post","link":"https:\/\/www.zunoticia.com\/noticias-de-hidalgo\/2024\/03\/23\/que-el-nuevo-comite-de-la-ucla-presente-su-proyecto-de-trabajo-nereo-ramirez\/","title":{"rendered":"Que el nuevo comit\u00e9 de la UCLA presente su proyecto de trabajo: Nereo Ram\u00edrez"},"content":{"rendered":"<aside class=\"mashsb-container mashsb-main mashsb-stretched\"><div class=\"mashsb-box\"><div class=\"mashsb-count mash-large\" style=\"float:left\"><div class=\"counts mashsbcount\">0<\/div><span class=\"mashsb-sharetext\">SHARES<\/span><\/div><div class=\"mashsb-buttons\"><a class=\"mashicon-facebook mash-large mash-center mashsb-noshadow\" href=\"https:\/\/www.facebook.com\/sharer.php?u=https%3A%2F%2Fwww.zunoticia.com%2Fnoticias-de-hidalgo%2F2024%2F03%2F23%2Fque-el-nuevo-comite-de-la-ucla-presente-su-proyecto-de-trabajo-nereo-ramirez%2F\" target=\"_top\" rel=\"nofollow\"><span class=\"icon\"><\/span><span class=\"text\">Share<\/span><\/a><a class=\"mashicon-twitter mash-large mash-center mashsb-noshadow\" href=\"https:\/\/twitter.com\/intent\/tweet?text=&amp;url=https:\/\/www.zunoticia.com\/noticias-de-hidalgo\/2024\/03\/23\/que-el-nuevo-comite-de-la-ucla-presente-su-proyecto-de-trabajo-nereo-ramirez\/\" target=\"_top\" rel=\"nofollow\"><span class=\"icon\"><\/span><span class=\"text\">Tweet<\/span><\/a><div class=\"onoffswitch2 mash-large mashsb-noshadow\" style=\"display:none\"><\/div><\/div>\n            <\/div>\n                <div style=\"clear:both\"><\/div><div class=\"mashsb-toggle-container\"><\/div><\/aside>\n            <!-- Share buttons by mashshare.net - Version: 4.0.47-->\n<p><em>Por Salvador Altamirano\/Zunoticia<\/em><\/p>\n\n\n\n<p><strong>Huejutla, Hgo.-<\/strong> \u2018Exhorto al nuevo comit\u00e9 de la Uni\u00f3n de Comerciantes Locatarios y Ambulantes (UCLA) a que presente su &#8220;plan de trabajo&#8221;, ya que en el mercado municipal hay muchas necesidades, en su mayor\u00eda prioritarias, que se deben de resolver, por lo que deben de tener un proyecto espec\u00edfico\u2019.<\/p>\n\n\n\n<p>Lo anterior, fue expresado por Nereo Ram\u00edrez Mart\u00ednez, socio de la UCLA, ubicado en el sector comercial del laminado, quien explic\u00f3 que, desde hace muchos a\u00f1os, no obstante estar adheridos a la organizaci\u00f3n y ser contribuyentes, han estado olvidados por todos los ex &#8211; secretarios que han pasado y por las autoridades municipales, precisamente, por falta de proyectos de trabajo de los dirigentes.<\/p>\n\n\n\n<p>A pregunta expresa, detall\u00f3 que, la necesidad m\u00e1s urgente que se tiene en la zona del laminado es la rehabilitaci\u00f3n del techo de la galera, ya que por el transcurso e inclemencias del tiempo las l\u00e1minas est\u00e1n desgastadas, oxidadas y agujereada, lo que permite que en \u00e9pocas de lluvias el agua se filtre por doquier, y de estiaje que haya un calor insoportable.<\/p>\n\n\n\n<p>Agreg\u00f3 que, el ahora alcalde con licencia prometi\u00f3 en su momento renovar el techo, pero el proyecto no se ha llevado a cabo y hasta la fecha no saben nada al respecto. En el mismo contexto, refiri\u00f3 que, en el mercado municipal hay cuatro organizaciones, incluyendo a la UCLA, pero ninguno de sus dirigentes hace nada para mejorar la deplorable situaci\u00f3n existente en el complejo comercial, y todo porque no se unen -resalt\u00f3-.<\/p>\n\n\n\n<p>Para finalizar, coment\u00f3 que, una de las problem\u00e1ticas al interior del mercado es la invasi\u00f3n de pasillos, pero nunca se va lograr despejarlos porque los mismos dirigentes de la UCLA, por la ambici\u00f3n de ostentar el cargo, acomodan a vendedores ambulantes en los pasajes.<\/p>\n\n\n\n<figure class=\"wp-block-gallery has-nested-images columns-default is-cropped wp-block-gallery-1 is-layout-flex wp-block-gallery-is-layout-flex\"><\/figure>\n","protected":false},"excerpt":{"rendered":"<p>Por Salvador Altamirano\/Zunoticia Huejutla, Hgo.- \u2018Exhorto al nuevo comit\u00e9 de la Uni\u00f3n de Comerciantes Locatarios y Ambulantes (UCLA) a que presente su &#8220;plan de trabajo&#8221;, ya que en el mercado municipal hay muchas necesidades, en su mayor\u00eda prioritarias, que se deben de resolver, por lo que deben de tener un proyecto espec\u00edfico\u2019. Lo anterior, fue&hellip; <a class=\"more-link\" href=\"https:\/\/www.zunoticia.com\/noticias-de-hidalgo\/2024\/03\/23\/que-el-nuevo-comite-de-la-ucla-presente-su-proyecto-de-trabajo-nereo-ramirez\/\">Seguir leyendo <span class=\"screen-reader-text\">Que el nuevo comit\u00e9 de la UCLA presente su proyecto de trabajo: Nereo Ram\u00edrez<\/span><\/a><\/p>\n","protected":false},"author":20,"featured_media":532575,"comment_status":"open","ping_status":"open","sticky":false,"template":"","format":"standard","meta":{"rop_custom_images_group":[],"rop_custom_messages_group":[],"rop_publish_now":"initial","rop_publish_now_accounts":{"facebook_10159540855086992_322828327761733":""},"rop_publish_now_history":[],"rop_publish_now_status":"pending","footnotes":""},"categories":[181],"tags":[121],"class_list":["post-532574","post","type-post","status-publish","format-standard","has-post-thumbnail","hentry","category-huejutla","tag-huejutla","entry"],"_links":{"self":[{"href":"https:\/\/www.zunoticia.com\/noticias-de-hidalgo\/wp-json\/wp\/v2\/posts\/532574","targetHints":{"allow":["GET"]}}],"collection":[{"href":"https:\/\/www.zunoticia.com\/noticias-de-hidalgo\/wp-json\/wp\/v2\/posts"}],"about":[{"href":"https:\/\/www.zunoticia.com\/noticias-de-hidalgo\/wp-json\/wp\/v2\/types\/post"}],"author":[{"embeddable":true,"href":"https:\/\/www.zunoticia.com\/noticias-de-hidalgo\/wp-json\/wp\/v2\/users\/20"}],"replies":[{"embeddable":true,"href":"https:\/\/www.zunoticia.com\/noticias-de-hidalgo\/wp-json\/wp\/v2\/comments?post=532574"}],"version-history":[{"count":3,"href":"https:\/\/www.zunoticia.com\/noticias-de-hidalgo\/wp-json\/wp\/v2\/posts\/532574\/revisions"}],"predecessor-version":[{"id":532580,"href":"https:\/\/www.zunoticia.com\/noticias-de-hidalgo\/wp-json\/wp\/v2\/posts\/532574\/revisions\/532580"}],"wp:featuredmedia":[{"embeddable":true,"href":"https:\/\/www.zunoticia.com\/noticias-de-hidalgo\/wp-json\/wp\/v2\/media\/532575"}],"wp:attachment":[{"href":"https:\/\/www.zunoticia.com\/noticias-de-hidalgo\/wp-json\/wp\/v2\/media?parent=532574"}],"wp:term":[{"taxonomy":"category","embeddable":true,"href":"https:\/\/www.zunoticia.com\/noticias-de-hidalgo\/wp-json\/wp\/v2\/categories?post=532574"},{"taxonomy":"post_tag","embeddable":true,"href":"https:\/\/www.zunoticia.com\/noticias-de-hidalgo\/wp-json\/wp\/v2\/tags?post=532574"}],"curies":[{"name":"wp","href":"https:\/\/api.w.org\/{rel}","templated":true}]}}