{"id":532594,"date":"2024-03-23T16:48:22","date_gmt":"2024-03-23T22:48:22","guid":{"rendered":"https:\/\/www.zunoticia.com\/noticias-de-hidalgo\/?p=532594"},"modified":"2024-03-23T16:48:25","modified_gmt":"2024-03-23T22:48:25","slug":"conmemoraron-el-ccxviii-aniversario-del-natalicio-de-benito-juarez-garcia","status":"publish","type":"post","link":"https:\/\/www.zunoticia.com\/noticias-de-hidalgo\/2024\/03\/23\/conmemoraron-el-ccxviii-aniversario-del-natalicio-de-benito-juarez-garcia\/","title":{"rendered":"Conmemoraron el CCXVIII aniversario del natalicio de Benito Ju\u00e1rez Garc\u00eda"},"content":{"rendered":"<aside class=\"mashsb-container mashsb-main mashsb-stretched\"><div class=\"mashsb-box\"><div class=\"mashsb-count mash-large\" style=\"float:left\"><div class=\"counts mashsbcount\">31<\/div><span class=\"mashsb-sharetext\">SHARES<\/span><\/div><div class=\"mashsb-buttons\"><a class=\"mashicon-facebook mash-large mash-center mashsb-noshadow\" href=\"https:\/\/www.facebook.com\/sharer.php?u=https%3A%2F%2Fwww.zunoticia.com%2Fnoticias-de-hidalgo%2F2024%2F03%2F23%2Fconmemoraron-el-ccxviii-aniversario-del-natalicio-de-benito-juarez-garcia%2F\" target=\"_top\" rel=\"nofollow\"><span class=\"icon\"><\/span><span class=\"text\">Share<\/span><\/a><a class=\"mashicon-twitter mash-large mash-center mashsb-noshadow\" href=\"https:\/\/twitter.com\/intent\/tweet?text=&amp;url=https:\/\/www.zunoticia.com\/noticias-de-hidalgo\/2024\/03\/23\/conmemoraron-el-ccxviii-aniversario-del-natalicio-de-benito-juarez-garcia\/\" target=\"_top\" rel=\"nofollow\"><span class=\"icon\"><\/span><span class=\"text\">Tweet<\/span><\/a><div class=\"onoffswitch2 mash-large mashsb-noshadow\" style=\"display:none\"><\/div><\/div>\n            <\/div>\n                <div style=\"clear:both\"><\/div><div class=\"mashsb-toggle-container\"><\/div><\/aside>\n            <!-- Share buttons by mashshare.net - Version: 4.0.47-->\n<p><em>Por Karen Rivera\/ Zunoticia<\/em><\/p>\n\n\n\n<p><strong>Atlapexco, Hgo.-<\/strong> El pasado 21 de marzo, durante el acto c\u00edvico realizado en la explanada del palacio municipal, se llev\u00f3 a cabo una ofrenda floral para conmemorar el CCXVIII (218) aniversario del natalicio de Benito Ju\u00e1rez Garc\u00eda.<\/p>\n\n\n\n<p>En remembranza a la transformaci\u00f3n que realiz\u00f3 el &#8220;Benem\u00e9rito de las Am\u00e9ricas&#8221; en la sociedad y la pol\u00edtica, y que trascendi\u00f3 como un ejemplo en toda Am\u00e9rica Latina; durante el acto c\u00edvico se dio lectura del legado que estableci\u00f3, entre ellas la promulgaci\u00f3n de Leyes de Reforma, donde separ\u00f3 al clero del estado e impuls\u00f3 la libertad y soberan\u00eda nacional.<\/p>\n\n\n\n<p>Fue cinco veces presidente de la Rep\u00fablica Mexicana e inspir\u00f3 a impulsar el desarrollo de la sociedad y el pa\u00eds.<\/p>\n\n\n\n<p>Su frase m\u00e1s conocida &#8220;Entre los individuos, como entre las naciones, el respeto al derecho ajeno es la paz&#8221;.<\/p>\n\n\n\n<p>En este homenaje se cont\u00f3 con la presencia del secretario municipal, quien acudi\u00f3 en representaci\u00f3n del alcalde; el comandante Ramiro Hern\u00e1ndez Hern\u00e1ndez, director de Seguridad P\u00fablica; elementos policiacos, personal del ayuntamiento, maestros y alumnos de los distintos planteles educativos.<\/p>\n\n\n\n<p>Una vez culminado este homenaje, se procedi\u00f3 a dejar una ofrenda floral al pie del busto del &#8220;Benem\u00e9rito de las Am\u00e9ricas&#8221;.<\/p>\n\n\n\n<figure class=\"wp-block-gallery has-nested-images columns-default is-cropped wp-block-gallery-1 is-layout-flex wp-block-gallery-is-layout-flex\">\n<figure class=\"wp-block-image size-large\"><img fetchpriority=\"high\" decoding=\"async\" width=\"933\" height=\"524\" data-id=\"532596\" src=\"https:\/\/www.zunoticia.com\/noticias-de-hidalgo\/wp-content\/uploads\/2024\/03\/Zunoticia-Huejutla-2-15.jpg\" alt=\"\" class=\"wp-image-532596\"\/><\/figure>\n\n\n\n<figure class=\"wp-block-image size-large\"><img decoding=\"async\" width=\"933\" height=\"524\" data-id=\"532597\" src=\"https:\/\/www.zunoticia.com\/noticias-de-hidalgo\/wp-content\/uploads\/2024\/03\/Zunoticia-Huejutla-1-31.jpg\" alt=\"\" class=\"wp-image-532597\"\/><\/figure>\n<\/figure>\n","protected":false},"excerpt":{"rendered":"<p>Por Karen Rivera\/ Zunoticia Atlapexco, Hgo.- El pasado 21 de marzo, durante el acto c\u00edvico realizado en la explanada del palacio municipal, se llev\u00f3 a cabo una ofrenda floral para conmemorar el CCXVIII (218) aniversario del natalicio de Benito Ju\u00e1rez Garc\u00eda. En remembranza a la transformaci\u00f3n que realiz\u00f3 el &#8220;Benem\u00e9rito de las Am\u00e9ricas&#8221; en la&hellip; <a class=\"more-link\" href=\"https:\/\/www.zunoticia.com\/noticias-de-hidalgo\/2024\/03\/23\/conmemoraron-el-ccxviii-aniversario-del-natalicio-de-benito-juarez-garcia\/\">Seguir leyendo <span class=\"screen-reader-text\">Conmemoraron el CCXVIII aniversario del natalicio de Benito Ju\u00e1rez Garc\u00eda<\/span><\/a><\/p>\n","protected":false},"author":20,"featured_media":532595,"comment_status":"open","ping_status":"open","sticky":false,"template":"","format":"standard","meta":{"rop_custom_images_group":[],"rop_custom_messages_group":[],"rop_publish_now":"initial","rop_publish_now_accounts":{"facebook_10159540855086992_322828327761733":""},"rop_publish_now_history":[],"rop_publish_now_status":"pending","footnotes":""},"categories":[182,179],"tags":[133,229],"class_list":["post-532594","post","type-post","status-publish","format-standard","has-post-thumbnail","hentry","category-atlapexco","category-huasteca","tag-atlapexco","tag-huasteca","entry"],"_links":{"self":[{"href":"https:\/\/www.zunoticia.com\/noticias-de-hidalgo\/wp-json\/wp\/v2\/posts\/532594","targetHints":{"allow":["GET"]}}],"collection":[{"href":"https:\/\/www.zunoticia.com\/noticias-de-hidalgo\/wp-json\/wp\/v2\/posts"}],"about":[{"href":"https:\/\/www.zunoticia.com\/noticias-de-hidalgo\/wp-json\/wp\/v2\/types\/post"}],"author":[{"embeddable":true,"href":"https:\/\/www.zunoticia.com\/noticias-de-hidalgo\/wp-json\/wp\/v2\/users\/20"}],"replies":[{"embeddable":true,"href":"https:\/\/www.zunoticia.com\/noticias-de-hidalgo\/wp-json\/wp\/v2\/comments?post=532594"}],"version-history":[{"count":1,"href":"https:\/\/www.zunoticia.com\/noticias-de-hidalgo\/wp-json\/wp\/v2\/posts\/532594\/revisions"}],"predecessor-version":[{"id":532598,"href":"https:\/\/www.zunoticia.com\/noticias-de-hidalgo\/wp-json\/wp\/v2\/posts\/532594\/revisions\/532598"}],"wp:featuredmedia":[{"embeddable":true,"href":"https:\/\/www.zunoticia.com\/noticias-de-hidalgo\/wp-json\/wp\/v2\/media\/532595"}],"wp:attachment":[{"href":"https:\/\/www.zunoticia.com\/noticias-de-hidalgo\/wp-json\/wp\/v2\/media?parent=532594"}],"wp:term":[{"taxonomy":"category","embeddable":true,"href":"https:\/\/www.zunoticia.com\/noticias-de-hidalgo\/wp-json\/wp\/v2\/categories?post=532594"},{"taxonomy":"post_tag","embeddable":true,"href":"https:\/\/www.zunoticia.com\/noticias-de-hidalgo\/wp-json\/wp\/v2\/tags?post=532594"}],"curies":[{"name":"wp","href":"https:\/\/api.w.org\/{rel}","templated":true}]}}