{"id":532599,"date":"2024-03-23T16:54:40","date_gmt":"2024-03-23T22:54:40","guid":{"rendered":"https:\/\/www.zunoticia.com\/noticias-de-hidalgo\/?p=532599"},"modified":"2024-03-23T16:54:43","modified_gmt":"2024-03-23T22:54:43","slug":"escuelas-iniciaron-el-segundo-periodo-vacacional-del-ciclo-escolar","status":"publish","type":"post","link":"https:\/\/www.zunoticia.com\/noticias-de-hidalgo\/2024\/03\/23\/escuelas-iniciaron-el-segundo-periodo-vacacional-del-ciclo-escolar\/","title":{"rendered":"Escuelas iniciaron el segundo periodo vacacional del Ciclo Escolar"},"content":{"rendered":"<aside class=\"mashsb-container mashsb-main mashsb-stretched\"><div class=\"mashsb-box\"><div class=\"mashsb-count mash-large\" style=\"float:left\"><div class=\"counts mashsbcount\">6<\/div><span class=\"mashsb-sharetext\">SHARES<\/span><\/div><div class=\"mashsb-buttons\"><a class=\"mashicon-facebook mash-large mash-center mashsb-noshadow\" href=\"https:\/\/www.facebook.com\/sharer.php?u=https%3A%2F%2Fwww.zunoticia.com%2Fnoticias-de-hidalgo%2F2024%2F03%2F23%2Fescuelas-iniciaron-el-segundo-periodo-vacacional-del-ciclo-escolar%2F\" target=\"_top\" rel=\"nofollow\"><span class=\"icon\"><\/span><span class=\"text\">Share<\/span><\/a><a class=\"mashicon-twitter mash-large mash-center mashsb-noshadow\" href=\"https:\/\/twitter.com\/intent\/tweet?text=&amp;url=https:\/\/www.zunoticia.com\/noticias-de-hidalgo\/2024\/03\/23\/escuelas-iniciaron-el-segundo-periodo-vacacional-del-ciclo-escolar\/\" target=\"_top\" rel=\"nofollow\"><span class=\"icon\"><\/span><span class=\"text\">Tweet<\/span><\/a><div class=\"onoffswitch2 mash-large mashsb-noshadow\" style=\"display:none\"><\/div><\/div>\n            <\/div>\n                <div style=\"clear:both\"><\/div><div class=\"mashsb-toggle-container\"><\/div><\/aside>\n            <!-- Share buttons by mashshare.net - Version: 4.0.47-->\n<p><em>Por Enedino Hern\u00e1ndez\/Zunoticia<\/em><\/p>\n\n\n\n<p><strong>Huejutla, Hgo<\/strong>.- Alumnos de las diversas instituciones educativas del nivel b\u00e1sico iniciaron el viernes 22 de marzo, el segundo periodo vacacional del Ciclo Escolar 2023-204, y retornar\u00e1n nuevamente a clases el lunes 8 de abril.<\/p>\n\n\n\n<p>El director de la Escuela Primaria \u201cBenito Ju\u00e1rez\u201d, de la colonia Centro de Huejutla, Miguel Cruz Reyes, se\u00f1al\u00f3 que, durante estas dos semanas que gozar\u00e1n del periodo vacacional cada una de las instituciones educativas se mantendr\u00e1n al resguardo y bajo la responsabilidad de los de los Comit\u00e9s de Padres de Familia y de Participaci\u00f3n Social.<\/p>\n\n\n\n<p>Asimismo, dijo que, con toda oportunidad se programan para realizar rondines en la instituci\u00f3n educativa, para con ello, mantener a buen resguardo las instalaciones de la escuela.<\/p>\n\n\n\n<p>M\u00e1s adelante, recomend\u00f3 a los padres de familia que se mantengan atentos en el cuidado de sus hijos, adem\u00e1s de no olvidarse de fortalecer en sus ratos libres los aspectos de la escritura, lectura y las matem\u00e1ticas.<\/p>\n\n\n\n<p><\/p>\n","protected":false},"excerpt":{"rendered":"<p>Por Enedino Hern\u00e1ndez\/Zunoticia Huejutla, Hgo.- Alumnos de las diversas instituciones educativas del nivel b\u00e1sico iniciaron el viernes 22 de marzo, el segundo periodo vacacional del Ciclo Escolar 2023-204, y retornar\u00e1n nuevamente a clases el lunes 8 de abril. El director de la Escuela Primaria \u201cBenito Ju\u00e1rez\u201d, de la colonia Centro de Huejutla, Miguel Cruz Reyes,&hellip; <a class=\"more-link\" href=\"https:\/\/www.zunoticia.com\/noticias-de-hidalgo\/2024\/03\/23\/escuelas-iniciaron-el-segundo-periodo-vacacional-del-ciclo-escolar\/\">Seguir leyendo <span class=\"screen-reader-text\">Escuelas iniciaron el segundo periodo vacacional del Ciclo Escolar<\/span><\/a><\/p>\n","protected":false},"author":20,"featured_media":532600,"comment_status":"open","ping_status":"open","sticky":false,"template":"","format":"standard","meta":{"rop_custom_images_group":[],"rop_custom_messages_group":[],"rop_publish_now":"initial","rop_publish_now_accounts":{"facebook_10159540855086992_322828327761733":""},"rop_publish_now_history":[],"rop_publish_now_status":"pending","footnotes":""},"categories":[181],"tags":[121],"class_list":["post-532599","post","type-post","status-publish","format-standard","has-post-thumbnail","hentry","category-huejutla","tag-huejutla","entry"],"_links":{"self":[{"href":"https:\/\/www.zunoticia.com\/noticias-de-hidalgo\/wp-json\/wp\/v2\/posts\/532599","targetHints":{"allow":["GET"]}}],"collection":[{"href":"https:\/\/www.zunoticia.com\/noticias-de-hidalgo\/wp-json\/wp\/v2\/posts"}],"about":[{"href":"https:\/\/www.zunoticia.com\/noticias-de-hidalgo\/wp-json\/wp\/v2\/types\/post"}],"author":[{"embeddable":true,"href":"https:\/\/www.zunoticia.com\/noticias-de-hidalgo\/wp-json\/wp\/v2\/users\/20"}],"replies":[{"embeddable":true,"href":"https:\/\/www.zunoticia.com\/noticias-de-hidalgo\/wp-json\/wp\/v2\/comments?post=532599"}],"version-history":[{"count":1,"href":"https:\/\/www.zunoticia.com\/noticias-de-hidalgo\/wp-json\/wp\/v2\/posts\/532599\/revisions"}],"predecessor-version":[{"id":532601,"href":"https:\/\/www.zunoticia.com\/noticias-de-hidalgo\/wp-json\/wp\/v2\/posts\/532599\/revisions\/532601"}],"wp:featuredmedia":[{"embeddable":true,"href":"https:\/\/www.zunoticia.com\/noticias-de-hidalgo\/wp-json\/wp\/v2\/media\/532600"}],"wp:attachment":[{"href":"https:\/\/www.zunoticia.com\/noticias-de-hidalgo\/wp-json\/wp\/v2\/media?parent=532599"}],"wp:term":[{"taxonomy":"category","embeddable":true,"href":"https:\/\/www.zunoticia.com\/noticias-de-hidalgo\/wp-json\/wp\/v2\/categories?post=532599"},{"taxonomy":"post_tag","embeddable":true,"href":"https:\/\/www.zunoticia.com\/noticias-de-hidalgo\/wp-json\/wp\/v2\/tags?post=532599"}],"curies":[{"name":"wp","href":"https:\/\/api.w.org\/{rel}","templated":true}]}}