{"id":532602,"date":"2024-03-23T16:58:57","date_gmt":"2024-03-23T22:58:57","guid":{"rendered":"https:\/\/www.zunoticia.com\/noticias-de-hidalgo\/?p=532602"},"modified":"2024-03-23T16:59:00","modified_gmt":"2024-03-23T22:59:00","slug":"daran-banderazo-de-arranque-a-la-semana-santa","status":"publish","type":"post","link":"https:\/\/www.zunoticia.com\/noticias-de-hidalgo\/2024\/03\/23\/daran-banderazo-de-arranque-a-la-semana-santa\/","title":{"rendered":"Dar\u00e1n banderazo de arranque a la Semana Santa"},"content":{"rendered":"<aside class=\"mashsb-container mashsb-main mashsb-stretched\"><div class=\"mashsb-box\"><div class=\"mashsb-count mash-large\" style=\"float:left\"><div class=\"counts mashsbcount\">13<\/div><span class=\"mashsb-sharetext\">SHARES<\/span><\/div><div class=\"mashsb-buttons\"><a class=\"mashicon-facebook mash-large mash-center mashsb-noshadow\" href=\"https:\/\/www.facebook.com\/sharer.php?u=https%3A%2F%2Fwww.zunoticia.com%2Fnoticias-de-hidalgo%2F2024%2F03%2F23%2Fdaran-banderazo-de-arranque-a-la-semana-santa%2F\" target=\"_top\" rel=\"nofollow\"><span class=\"icon\"><\/span><span class=\"text\">Share<\/span><\/a><a class=\"mashicon-twitter mash-large mash-center mashsb-noshadow\" href=\"https:\/\/twitter.com\/intent\/tweet?text=&amp;url=https:\/\/www.zunoticia.com\/noticias-de-hidalgo\/2024\/03\/23\/daran-banderazo-de-arranque-a-la-semana-santa\/\" target=\"_top\" rel=\"nofollow\"><span class=\"icon\"><\/span><span class=\"text\">Tweet<\/span><\/a><div class=\"onoffswitch2 mash-large mashsb-noshadow\" style=\"display:none\"><\/div><\/div>\n            <\/div>\n                <div style=\"clear:both\"><\/div><div class=\"mashsb-toggle-container\"><\/div><\/aside>\n            <!-- Share buttons by mashshare.net - Version: 4.0.47-->\n<p>\u2022 Implementar\u00e1n operativo.<\/p>\n\n\n\n<p><em>Por Karen Rivera\/ Zunoticia<\/em><\/p>\n\n\n\n<p><strong>Atlapexco, Hgo.-<\/strong> Por el periodo vacacional y para resguardar la integridad de los visitantes, este lunes dar\u00e1n banderazo de arranque al operativo de Semana Santa.<\/p>\n\n\n\n<p>En punto de las 10:00 de la ma\u00f1ana, a la altura de la caseta del Balsero, este lunes 25 de marzo del a\u00f1o en curso, la Direcci\u00f3n de Seguridad P\u00fablica y Tr\u00e1nsito Municipal, pondr\u00e1 en marcha el operativo de Semana Santa.<\/p>\n\n\n\n<p>En este evento se contar\u00e1 con la presencia de funcionarios municipales, elementos policiacos y de Protecci\u00f3n Civil, quienes trabajar\u00e1n de la mano con el mando coordinado para resguardar la vida de quienes asistan a los lugares con agua.<\/p>\n\n\n\n<p>Asimismo, se garantizar\u00e1 la seguridad de las familias sobre las carreteras y se les auxiliar\u00e1 en caso de sufrir alg\u00fan incidente sobre la r\u00faa.<\/p>\n\n\n\n<p><\/p>\n","protected":false},"excerpt":{"rendered":"<p>\u2022 Implementar\u00e1n operativo. Por Karen Rivera\/ Zunoticia Atlapexco, Hgo.- Por el periodo vacacional y para resguardar la integridad de los visitantes, este lunes dar\u00e1n banderazo de arranque al operativo de Semana Santa. En punto de las 10:00 de la ma\u00f1ana, a la altura de la caseta del Balsero, este lunes 25 de marzo del a\u00f1o&hellip; <a class=\"more-link\" href=\"https:\/\/www.zunoticia.com\/noticias-de-hidalgo\/2024\/03\/23\/daran-banderazo-de-arranque-a-la-semana-santa\/\">Seguir leyendo <span class=\"screen-reader-text\">Dar\u00e1n banderazo de arranque a la Semana Santa<\/span><\/a><\/p>\n","protected":false},"author":20,"featured_media":532603,"comment_status":"open","ping_status":"open","sticky":false,"template":"","format":"standard","meta":{"rop_custom_images_group":[],"rop_custom_messages_group":[],"rop_publish_now":"initial","rop_publish_now_accounts":{"facebook_10159540855086992_322828327761733":""},"rop_publish_now_history":[],"rop_publish_now_status":"pending","footnotes":""},"categories":[182,179],"tags":[133,229],"class_list":["post-532602","post","type-post","status-publish","format-standard","has-post-thumbnail","hentry","category-atlapexco","category-huasteca","tag-atlapexco","tag-huasteca","entry"],"_links":{"self":[{"href":"https:\/\/www.zunoticia.com\/noticias-de-hidalgo\/wp-json\/wp\/v2\/posts\/532602","targetHints":{"allow":["GET"]}}],"collection":[{"href":"https:\/\/www.zunoticia.com\/noticias-de-hidalgo\/wp-json\/wp\/v2\/posts"}],"about":[{"href":"https:\/\/www.zunoticia.com\/noticias-de-hidalgo\/wp-json\/wp\/v2\/types\/post"}],"author":[{"embeddable":true,"href":"https:\/\/www.zunoticia.com\/noticias-de-hidalgo\/wp-json\/wp\/v2\/users\/20"}],"replies":[{"embeddable":true,"href":"https:\/\/www.zunoticia.com\/noticias-de-hidalgo\/wp-json\/wp\/v2\/comments?post=532602"}],"version-history":[{"count":1,"href":"https:\/\/www.zunoticia.com\/noticias-de-hidalgo\/wp-json\/wp\/v2\/posts\/532602\/revisions"}],"predecessor-version":[{"id":532604,"href":"https:\/\/www.zunoticia.com\/noticias-de-hidalgo\/wp-json\/wp\/v2\/posts\/532602\/revisions\/532604"}],"wp:featuredmedia":[{"embeddable":true,"href":"https:\/\/www.zunoticia.com\/noticias-de-hidalgo\/wp-json\/wp\/v2\/media\/532603"}],"wp:attachment":[{"href":"https:\/\/www.zunoticia.com\/noticias-de-hidalgo\/wp-json\/wp\/v2\/media?parent=532602"}],"wp:term":[{"taxonomy":"category","embeddable":true,"href":"https:\/\/www.zunoticia.com\/noticias-de-hidalgo\/wp-json\/wp\/v2\/categories?post=532602"},{"taxonomy":"post_tag","embeddable":true,"href":"https:\/\/www.zunoticia.com\/noticias-de-hidalgo\/wp-json\/wp\/v2\/tags?post=532602"}],"curies":[{"name":"wp","href":"https:\/\/api.w.org\/{rel}","templated":true}]}}