{"id":532616,"date":"2024-03-23T17:25:35","date_gmt":"2024-03-23T23:25:35","guid":{"rendered":"https:\/\/www.zunoticia.com\/noticias-de-hidalgo\/?p=532616"},"modified":"2024-03-23T17:25:38","modified_gmt":"2024-03-23T23:25:38","slug":"rinden-homenaje-a-maestro-que-se-jubila-por-enfermedad","status":"publish","type":"post","link":"https:\/\/www.zunoticia.com\/noticias-de-hidalgo\/2024\/03\/23\/rinden-homenaje-a-maestro-que-se-jubila-por-enfermedad\/","title":{"rendered":"Rinden homenaje a Maestro que se jubila por enfermedad"},"content":{"rendered":"<aside class=\"mashsb-container mashsb-main mashsb-stretched\"><div class=\"mashsb-box\"><div class=\"mashsb-count mash-large\" style=\"float:left\"><div class=\"counts mashsbcount\">15<\/div><span class=\"mashsb-sharetext\">SHARES<\/span><\/div><div class=\"mashsb-buttons\"><a class=\"mashicon-facebook mash-large mash-center mashsb-noshadow\" href=\"https:\/\/www.facebook.com\/sharer.php?u=https%3A%2F%2Fwww.zunoticia.com%2Fnoticias-de-hidalgo%2F2024%2F03%2F23%2Frinden-homenaje-a-maestro-que-se-jubila-por-enfermedad%2F\" target=\"_top\" rel=\"nofollow\"><span class=\"icon\"><\/span><span class=\"text\">Share<\/span><\/a><a class=\"mashicon-twitter mash-large mash-center mashsb-noshadow\" href=\"https:\/\/twitter.com\/intent\/tweet?text=&amp;url=https:\/\/www.zunoticia.com\/noticias-de-hidalgo\/2024\/03\/23\/rinden-homenaje-a-maestro-que-se-jubila-por-enfermedad\/\" target=\"_top\" rel=\"nofollow\"><span class=\"icon\"><\/span><span class=\"text\">Tweet<\/span><\/a><div class=\"onoffswitch2 mash-large mashsb-noshadow\" style=\"display:none\"><\/div><\/div>\n            <\/div>\n                <div style=\"clear:both\"><\/div><div class=\"mashsb-toggle-container\"><\/div><\/aside>\n            <!-- Share buttons by mashshare.net - Version: 4.0.47-->\n<p><em>Por Enedino Hern\u00e1ndez\/Zunoticia<\/em><\/p>\n\n\n\n<p><strong>Huejutla, Hgo.-<\/strong> Con 23 a\u00f1os como docente, de los cuales 18 a\u00f1os consecutivos brind\u00f3 su servicio en la comunidad y por problemas de salud, durante este fin de semana se rindi\u00f3 con justo homenaje al profesor Jos\u00e9 Guadalupe Escudero, con lo cual se le brind\u00f3 la jubilaci\u00f3n correspondiente.<\/p>\n\n\n\n<p>El programa cultural se llev\u00f3 a cabo el viernes 22 de marzo con el festejo de jubilaci\u00f3n del profesor Jos\u00e9 Guadalupe Escudero, en la Escuela Primaria \u201cJusto Sierra\u201d, ubicada en La Cruz Zocuiteco; evento en el cual fue acompa\u00f1ado de su familia, el profesor estuvo trabajando 18 a\u00f1os en servicio en esa escuela.<\/p>\n\n\n\n<p>En el evento de jubilaci\u00f3n se cont\u00f3 con la presencia del jefe de Sector, profesor Floriberto Ruano Lara; la supervisora de la Zona 188, profesora Noem\u00ed Hern\u00e1ndez Vel\u00e1squez; en el programa cultural participaron alumnos y maestros de la instituci\u00f3n.<\/p>\n\n\n\n<p>El maestro estuvo muy emocionado, destacando que, todo esto le da \u00e1nimos a seguir luchando contra su enfermedad, sus palabras de agradecimiento fueron \u201cesto me da \u00e1nimos para seguir luchando y no rendirme\u201d.<\/p>\n\n\n\n<p>El profesor Jos\u00e9 Guadalupe Escudero fue acompa\u00f1ado de familiares, amigos y alumnos, as\u00ed como de las autoridades educativas correspondientes; la comunidad escolar le ofreci\u00f3 un programa cultural en su honor, agradeciendo su aportaci\u00f3n a la ni\u00f1ez del lugar.<\/p>\n\n\n\n<figure class=\"wp-block-gallery has-nested-images columns-default is-cropped wp-block-gallery-1 is-layout-flex wp-block-gallery-is-layout-flex\">\n<figure class=\"wp-block-image size-large\"><img fetchpriority=\"high\" decoding=\"async\" width=\"933\" height=\"524\" data-id=\"532618\" src=\"https:\/\/www.zunoticia.com\/noticias-de-hidalgo\/wp-content\/uploads\/2024\/03\/Zunoticia-Huejutla-2-16.jpg\" alt=\"\" class=\"wp-image-532618\"\/><\/figure>\n\n\n\n<figure class=\"wp-block-image size-large\"><img decoding=\"async\" width=\"933\" height=\"524\" data-id=\"532619\" src=\"https:\/\/www.zunoticia.com\/noticias-de-hidalgo\/wp-content\/uploads\/2024\/03\/Zunoticia-Huejutla-1-33.jpg\" alt=\"\" class=\"wp-image-532619\"\/><\/figure>\n<\/figure>\n","protected":false},"excerpt":{"rendered":"<p>Por Enedino Hern\u00e1ndez\/Zunoticia Huejutla, Hgo.- Con 23 a\u00f1os como docente, de los cuales 18 a\u00f1os consecutivos brind\u00f3 su servicio en la comunidad y por problemas de salud, durante este fin de semana se rindi\u00f3 con justo homenaje al profesor Jos\u00e9 Guadalupe Escudero, con lo cual se le brind\u00f3 la jubilaci\u00f3n correspondiente. El programa cultural se&hellip; <a class=\"more-link\" href=\"https:\/\/www.zunoticia.com\/noticias-de-hidalgo\/2024\/03\/23\/rinden-homenaje-a-maestro-que-se-jubila-por-enfermedad\/\">Seguir leyendo <span class=\"screen-reader-text\">Rinden homenaje a Maestro que se jubila por enfermedad<\/span><\/a><\/p>\n","protected":false},"author":20,"featured_media":532617,"comment_status":"open","ping_status":"open","sticky":false,"template":"","format":"standard","meta":{"rop_custom_images_group":[],"rop_custom_messages_group":[],"rop_publish_now":"initial","rop_publish_now_accounts":{"facebook_10159540855086992_322828327761733":""},"rop_publish_now_history":[],"rop_publish_now_status":"pending","footnotes":""},"categories":[181],"tags":[121],"class_list":["post-532616","post","type-post","status-publish","format-standard","has-post-thumbnail","hentry","category-huejutla","tag-huejutla","entry"],"_links":{"self":[{"href":"https:\/\/www.zunoticia.com\/noticias-de-hidalgo\/wp-json\/wp\/v2\/posts\/532616","targetHints":{"allow":["GET"]}}],"collection":[{"href":"https:\/\/www.zunoticia.com\/noticias-de-hidalgo\/wp-json\/wp\/v2\/posts"}],"about":[{"href":"https:\/\/www.zunoticia.com\/noticias-de-hidalgo\/wp-json\/wp\/v2\/types\/post"}],"author":[{"embeddable":true,"href":"https:\/\/www.zunoticia.com\/noticias-de-hidalgo\/wp-json\/wp\/v2\/users\/20"}],"replies":[{"embeddable":true,"href":"https:\/\/www.zunoticia.com\/noticias-de-hidalgo\/wp-json\/wp\/v2\/comments?post=532616"}],"version-history":[{"count":1,"href":"https:\/\/www.zunoticia.com\/noticias-de-hidalgo\/wp-json\/wp\/v2\/posts\/532616\/revisions"}],"predecessor-version":[{"id":532620,"href":"https:\/\/www.zunoticia.com\/noticias-de-hidalgo\/wp-json\/wp\/v2\/posts\/532616\/revisions\/532620"}],"wp:featuredmedia":[{"embeddable":true,"href":"https:\/\/www.zunoticia.com\/noticias-de-hidalgo\/wp-json\/wp\/v2\/media\/532617"}],"wp:attachment":[{"href":"https:\/\/www.zunoticia.com\/noticias-de-hidalgo\/wp-json\/wp\/v2\/media?parent=532616"}],"wp:term":[{"taxonomy":"category","embeddable":true,"href":"https:\/\/www.zunoticia.com\/noticias-de-hidalgo\/wp-json\/wp\/v2\/categories?post=532616"},{"taxonomy":"post_tag","embeddable":true,"href":"https:\/\/www.zunoticia.com\/noticias-de-hidalgo\/wp-json\/wp\/v2\/tags?post=532616"}],"curies":[{"name":"wp","href":"https:\/\/api.w.org\/{rel}","templated":true}]}}