{"id":532662,"date":"2024-03-24T01:27:44","date_gmt":"2024-03-24T07:27:44","guid":{"rendered":"https:\/\/www.zunoticia.com\/noticias-de-hidalgo\/?p=532662"},"modified":"2024-03-24T01:27:47","modified_gmt":"2024-03-24T07:27:47","slug":"colonias-de-huejutla-respaldan-a-daniel-andrade","status":"publish","type":"post","link":"https:\/\/www.zunoticia.com\/noticias-de-hidalgo\/2024\/03\/24\/colonias-de-huejutla-respaldan-a-daniel-andrade\/","title":{"rendered":"Colonias de Huejutla respaldan a Daniel Andrade"},"content":{"rendered":"<aside class=\"mashsb-container mashsb-main mashsb-stretched\"><div class=\"mashsb-box\"><div class=\"mashsb-count mash-large\" style=\"float:left\"><div class=\"counts mashsbcount\">42<\/div><span class=\"mashsb-sharetext\">SHARES<\/span><\/div><div class=\"mashsb-buttons\"><a class=\"mashicon-facebook mash-large mash-center mashsb-noshadow\" href=\"https:\/\/www.facebook.com\/sharer.php?u=https%3A%2F%2Fwww.zunoticia.com%2Fnoticias-de-hidalgo%2F2024%2F03%2F24%2Fcolonias-de-huejutla-respaldan-a-daniel-andrade%2F\" target=\"_top\" rel=\"nofollow\"><span class=\"icon\"><\/span><span class=\"text\">Share<\/span><\/a><a class=\"mashicon-twitter mash-large mash-center mashsb-noshadow\" href=\"https:\/\/twitter.com\/intent\/tweet?text=&amp;url=https:\/\/www.zunoticia.com\/noticias-de-hidalgo\/2024\/03\/24\/colonias-de-huejutla-respaldan-a-daniel-andrade\/\" target=\"_top\" rel=\"nofollow\"><span class=\"icon\"><\/span><span class=\"text\">Tweet<\/span><\/a><div class=\"onoffswitch2 mash-large mashsb-noshadow\" style=\"display:none\"><\/div><\/div>\n            <\/div>\n                <div style=\"clear:both\"><\/div><div class=\"mashsb-toggle-container\"><\/div><\/aside>\n            <!-- Share buttons by mashshare.net - Version: 4.0.47-->\n<ul class=\"wp-block-list\">\n<li>Durante su recorrido, el candidato de Morena destac\u00f3 la importancia de trabajar de la mano con la ciudadan\u00eda para lograr un cambio real y significativo en la vida de las y los hidalguenses.<\/li>\n<\/ul>\n\n\n\n<p><em>Redacci\u00f3n\/Zunoticia<\/em><\/p>\n\n\n\n<p><strong>Huejutla, Hgo.-<\/strong> El s\u00e1bado 23 de marzo, el candidato a diputado federal por el distrito 01 con cabecera en Huejutla, Daniel Andrade Zurutuza, continu\u00f3 con su compromiso de cercan\u00eda con la ciudadan\u00eda al recorrer diversas colonias de Huejutla en el marco de su campa\u00f1a electoral.<\/p>\n\n\n\n<p>Desde temprana hora, Daniel Andrade Zurutuza se desplaz\u00f3 por las calles de la ciudad, donde pudo dialogar con vecinos y vecinas, escuchar sus inquietudes y propuestas, as\u00ed como compartir su visi\u00f3n y compromiso por lograr una verdadera transformaci\u00f3n en la regi\u00f3n.<\/p>\n\n\n\n<p>Durante su recorrido, el candidato de Morena destac\u00f3 la importancia de trabajar de la mano con la ciudadan\u00eda para lograr un cambio real y significativo en la vida de las y los hidalguenses. Asimismo, reafirm\u00f3 su compromiso de ser un representante cercano y comprometido con las necesidades de la poblaci\u00f3n.<\/p>\n\n\n\n<figure class=\"wp-block-image size-full\"><img fetchpriority=\"high\" decoding=\"async\" width=\"1200\" height=\"630\" src=\"https:\/\/www.zunoticia.com\/noticias-de-hidalgo\/wp-content\/uploads\/2024\/03\/daniel-andrade2.jpg\" alt=\"\" class=\"wp-image-532664\"\/><\/figure>\n\n\n\n<p>En este sentido, Daniel Andrade Zurutuza enfatiz\u00f3 que su labor como diputado federal estar\u00e1 orientada a impulsar pol\u00edticas p\u00fablicas que beneficien a todos los sectores de la sociedad, con especial atenci\u00f3n en aquellos que han sido hist\u00f3ricamente marginados.<\/p>\n\n\n\n<p>&#8220;Estamos construyendo un proyecto de transformaci\u00f3n que involucra a todas y todos. Queremos una Huasteca y una Sierra m\u00e1s justa, m\u00e1s pr\u00f3spera y m\u00e1s inclusiva para todas y todos&#8221;, afirm\u00f3 el candidato.<\/p>\n\n\n\n<p>Daniel Andrade Zurutuza continuar\u00e1 con su agenda de trabajo, privilegiando el di\u00e1logo directo con la ciudadan\u00eda, con el objetivo de consolidar la Cuarta Transformaci\u00f3n en la regi\u00f3n y lograr un cambio verdadero y duradero para Hidalgo.<\/p>\n","protected":false},"excerpt":{"rendered":"<p>Redacci\u00f3n\/Zunoticia Huejutla, Hgo.- El s\u00e1bado 23 de marzo, el candidato a diputado federal por el distrito 01 con cabecera en Huejutla, Daniel Andrade Zurutuza, continu\u00f3 con su compromiso de cercan\u00eda con la ciudadan\u00eda al recorrer diversas colonias de Huejutla en el marco de su campa\u00f1a electoral. Desde temprana hora, Daniel Andrade Zurutuza se desplaz\u00f3 por&hellip; <a class=\"more-link\" href=\"https:\/\/www.zunoticia.com\/noticias-de-hidalgo\/2024\/03\/24\/colonias-de-huejutla-respaldan-a-daniel-andrade\/\">Seguir leyendo <span class=\"screen-reader-text\">Colonias de Huejutla respaldan a Daniel Andrade<\/span><\/a><\/p>\n","protected":false},"author":13,"featured_media":532665,"comment_status":"open","ping_status":"open","sticky":false,"template":"","format":"standard","meta":{"rop_custom_images_group":[],"rop_custom_messages_group":[],"rop_publish_now":"initial","rop_publish_now_accounts":{"facebook_10159540855086992_322828327761733":""},"rop_publish_now_history":[],"rop_publish_now_status":"pending","footnotes":""},"categories":[181],"tags":[121],"class_list":["post-532662","post","type-post","status-publish","format-standard","has-post-thumbnail","hentry","category-huejutla","tag-huejutla","entry"],"_links":{"self":[{"href":"https:\/\/www.zunoticia.com\/noticias-de-hidalgo\/wp-json\/wp\/v2\/posts\/532662","targetHints":{"allow":["GET"]}}],"collection":[{"href":"https:\/\/www.zunoticia.com\/noticias-de-hidalgo\/wp-json\/wp\/v2\/posts"}],"about":[{"href":"https:\/\/www.zunoticia.com\/noticias-de-hidalgo\/wp-json\/wp\/v2\/types\/post"}],"author":[{"embeddable":true,"href":"https:\/\/www.zunoticia.com\/noticias-de-hidalgo\/wp-json\/wp\/v2\/users\/13"}],"replies":[{"embeddable":true,"href":"https:\/\/www.zunoticia.com\/noticias-de-hidalgo\/wp-json\/wp\/v2\/comments?post=532662"}],"version-history":[{"count":1,"href":"https:\/\/www.zunoticia.com\/noticias-de-hidalgo\/wp-json\/wp\/v2\/posts\/532662\/revisions"}],"predecessor-version":[{"id":532668,"href":"https:\/\/www.zunoticia.com\/noticias-de-hidalgo\/wp-json\/wp\/v2\/posts\/532662\/revisions\/532668"}],"wp:featuredmedia":[{"embeddable":true,"href":"https:\/\/www.zunoticia.com\/noticias-de-hidalgo\/wp-json\/wp\/v2\/media\/532665"}],"wp:attachment":[{"href":"https:\/\/www.zunoticia.com\/noticias-de-hidalgo\/wp-json\/wp\/v2\/media?parent=532662"}],"wp:term":[{"taxonomy":"category","embeddable":true,"href":"https:\/\/www.zunoticia.com\/noticias-de-hidalgo\/wp-json\/wp\/v2\/categories?post=532662"},{"taxonomy":"post_tag","embeddable":true,"href":"https:\/\/www.zunoticia.com\/noticias-de-hidalgo\/wp-json\/wp\/v2\/tags?post=532662"}],"curies":[{"name":"wp","href":"https:\/\/api.w.org\/{rel}","templated":true}]}}