{"id":532708,"date":"2024-03-24T18:49:30","date_gmt":"2024-03-25T00:49:30","guid":{"rendered":"https:\/\/www.zunoticia.com\/noticias-de-hidalgo\/?p=532708"},"modified":"2024-03-24T18:49:33","modified_gmt":"2024-03-25T00:49:33","slug":"colonos-de-huejutla-reciben-a-alfredo-san-roman","status":"publish","type":"post","link":"https:\/\/www.zunoticia.com\/noticias-de-hidalgo\/2024\/03\/24\/colonos-de-huejutla-reciben-a-alfredo-san-roman\/","title":{"rendered":"Colonos de Huejutla reciben a Alfredo San Rom\u00e1n"},"content":{"rendered":"<aside class=\"mashsb-container mashsb-main mashsb-stretched\"><div class=\"mashsb-box\"><div class=\"mashsb-count mash-large\" style=\"float:left\"><div class=\"counts mashsbcount\">30<\/div><span class=\"mashsb-sharetext\">SHARES<\/span><\/div><div class=\"mashsb-buttons\"><a class=\"mashicon-facebook mash-large mash-center mashsb-noshadow\" href=\"https:\/\/www.facebook.com\/sharer.php?u=https%3A%2F%2Fwww.zunoticia.com%2Fnoticias-de-hidalgo%2F2024%2F03%2F24%2Fcolonos-de-huejutla-reciben-a-alfredo-san-roman%2F\" target=\"_top\" rel=\"nofollow\"><span class=\"icon\"><\/span><span class=\"text\">Share<\/span><\/a><a class=\"mashicon-twitter mash-large mash-center mashsb-noshadow\" href=\"https:\/\/twitter.com\/intent\/tweet?text=&amp;url=https:\/\/www.zunoticia.com\/noticias-de-hidalgo\/2024\/03\/24\/colonos-de-huejutla-reciben-a-alfredo-san-roman\/\" target=\"_top\" rel=\"nofollow\"><span class=\"icon\"><\/span><span class=\"text\">Tweet<\/span><\/a><div class=\"onoffswitch2 mash-large mashsb-noshadow\" style=\"display:none\"><\/div><\/div>\n            <\/div>\n                <div style=\"clear:both\"><\/div><div class=\"mashsb-toggle-container\"><\/div><\/aside>\n            <!-- Share buttons by mashshare.net - Version: 4.0.47-->\n<p><em>Por Mois\u00e9s Medrano\/ Zunoticia<\/em><\/p>\n\n\n\n<p><strong>Huejutla, Hgo.-<\/strong> Una multitud organizada denominada \u201camigos de Alfredo San Rom\u00e1n Duval\u201d recibieron al aspirante a la alcald\u00eda por Huejutla tras su registro por Movimiento de Regeneraci\u00f3n Nacional ante el Instituto Estatal Electoral de Hidalgo.<\/p>\n\n\n\n<figure class=\"wp-block-image size-full\"><img fetchpriority=\"high\" decoding=\"async\" width=\"3480\" height=\"2320\" src=\"https:\/\/www.zunoticia.com\/noticias-de-hidalgo\/wp-content\/uploads\/2024\/03\/eZy-Watermark_24-03-2024_04-33-00-0850p.m.jpg\" alt=\"\" class=\"wp-image-532703\"\/><\/figure>\n\n\n\n<p>En punto de las 10:30 de la ma\u00f1ana, en la Unidad Deportiva \u201cColalambre\u201d, se concentr\u00f3 un contingente con flores y coronas, generando un ameno recibimiento entre abrazos y buenos deseos.<\/p>\n\n\n\n<figure class=\"wp-block-image size-full\"><img decoding=\"async\" width=\"3480\" height=\"2320\" src=\"https:\/\/www.zunoticia.com\/noticias-de-hidalgo\/wp-content\/uploads\/2024\/03\/eZy-Watermark_24-03-2024_04-32-42-9080p.m.jpg\" alt=\"\" class=\"wp-image-532702\"\/><\/figure>\n\n\n\n<p>Cabe agregar que, Alfredo San Rom\u00e1n agradeci\u00f3 a los presentes el gesto de amabilidad y tras saludar a los presentes de mano, fue prudente al tomar la palabra, tras haber hecho el registro, por lo que ya llegar\u00e1 el momento de plantear lo bueno y nuevo para Huejutla.<\/p>\n\n\n\n<figure class=\"wp-block-image size-full\"><img decoding=\"async\" width=\"3480\" height=\"2320\" src=\"https:\/\/www.zunoticia.com\/noticias-de-hidalgo\/wp-content\/uploads\/2024\/03\/eZy-Watermark_24-03-2024_04-32-04-1240p.m.jpg\" alt=\"\" class=\"wp-image-532701\"\/><\/figure>\n\n\n\n<p>Dijo que se ha alejado de las redes sociales, del tel\u00e9fono, tras tomarse un tiempo con la familia, por lo que ha implicado el desgaste natural para llegar al paso que se ha dado.<\/p>\n\n\n\n<p>Les solicit\u00f3 paciencia a los presentes, agradeciendo el gesto de cari\u00f1o por el recibimiento y estim\u00f3 que estar\u00e1, en su momento, cuando la ley lo permita, hablando de Huejutla, el breve discurso arreci\u00f3 porras y vivas porque ser\u00e1 este personaje quien encabece la Cuarta Transformaci\u00f3n&nbsp;de&nbsp;Huejutla.<\/p>\n","protected":false},"excerpt":{"rendered":"<p>Por Mois\u00e9s Medrano\/ Zunoticia Huejutla, Hgo.- Una multitud organizada denominada \u201camigos de Alfredo San Rom\u00e1n Duval\u201d recibieron al aspirante a la alcald\u00eda por Huejutla tras su registro por Movimiento de Regeneraci\u00f3n Nacional ante el Instituto Estatal Electoral de Hidalgo. En punto de las 10:30 de la ma\u00f1ana, en la Unidad Deportiva \u201cColalambre\u201d, se concentr\u00f3 un&hellip; <a class=\"more-link\" href=\"https:\/\/www.zunoticia.com\/noticias-de-hidalgo\/2024\/03\/24\/colonos-de-huejutla-reciben-a-alfredo-san-roman\/\">Seguir leyendo <span class=\"screen-reader-text\">Colonos de Huejutla reciben a Alfredo San Rom\u00e1n<\/span><\/a><\/p>\n","protected":false},"author":12,"featured_media":532704,"comment_status":"open","ping_status":"open","sticky":false,"template":"","format":"standard","meta":{"rop_custom_images_group":[],"rop_custom_messages_group":[],"rop_publish_now":"initial","rop_publish_now_accounts":{"facebook_10159540855086992_322828327761733":""},"rop_publish_now_history":[],"rop_publish_now_status":"pending","footnotes":""},"categories":[181],"tags":[121],"class_list":["post-532708","post","type-post","status-publish","format-standard","has-post-thumbnail","hentry","category-huejutla","tag-huejutla","entry"],"_links":{"self":[{"href":"https:\/\/www.zunoticia.com\/noticias-de-hidalgo\/wp-json\/wp\/v2\/posts\/532708","targetHints":{"allow":["GET"]}}],"collection":[{"href":"https:\/\/www.zunoticia.com\/noticias-de-hidalgo\/wp-json\/wp\/v2\/posts"}],"about":[{"href":"https:\/\/www.zunoticia.com\/noticias-de-hidalgo\/wp-json\/wp\/v2\/types\/post"}],"author":[{"embeddable":true,"href":"https:\/\/www.zunoticia.com\/noticias-de-hidalgo\/wp-json\/wp\/v2\/users\/12"}],"replies":[{"embeddable":true,"href":"https:\/\/www.zunoticia.com\/noticias-de-hidalgo\/wp-json\/wp\/v2\/comments?post=532708"}],"version-history":[{"count":1,"href":"https:\/\/www.zunoticia.com\/noticias-de-hidalgo\/wp-json\/wp\/v2\/posts\/532708\/revisions"}],"predecessor-version":[{"id":532710,"href":"https:\/\/www.zunoticia.com\/noticias-de-hidalgo\/wp-json\/wp\/v2\/posts\/532708\/revisions\/532710"}],"wp:featuredmedia":[{"embeddable":true,"href":"https:\/\/www.zunoticia.com\/noticias-de-hidalgo\/wp-json\/wp\/v2\/media\/532704"}],"wp:attachment":[{"href":"https:\/\/www.zunoticia.com\/noticias-de-hidalgo\/wp-json\/wp\/v2\/media?parent=532708"}],"wp:term":[{"taxonomy":"category","embeddable":true,"href":"https:\/\/www.zunoticia.com\/noticias-de-hidalgo\/wp-json\/wp\/v2\/categories?post=532708"},{"taxonomy":"post_tag","embeddable":true,"href":"https:\/\/www.zunoticia.com\/noticias-de-hidalgo\/wp-json\/wp\/v2\/tags?post=532708"}],"curies":[{"name":"wp","href":"https:\/\/api.w.org\/{rel}","templated":true}]}}