{"id":532778,"date":"2024-03-24T21:04:57","date_gmt":"2024-03-25T03:04:57","guid":{"rendered":"https:\/\/www.zunoticia.com\/noticias-de-hidalgo\/?p=532778"},"modified":"2024-03-24T21:05:01","modified_gmt":"2024-03-25T03:05:01","slug":"con-bendicion-de-palmas-comienza-semana-santa-en-orizatlan","status":"publish","type":"post","link":"https:\/\/www.zunoticia.com\/noticias-de-hidalgo\/2024\/03\/24\/con-bendicion-de-palmas-comienza-semana-santa-en-orizatlan\/","title":{"rendered":"Con bendici\u00f3n de palmas comienza Semana Santa en Orizatl\u00e1n"},"content":{"rendered":"<aside class=\"mashsb-container mashsb-main mashsb-stretched\"><div class=\"mashsb-box\"><div class=\"mashsb-count mash-large\" style=\"float:left\"><div class=\"counts mashsbcount\">5<\/div><span class=\"mashsb-sharetext\">SHARES<\/span><\/div><div class=\"mashsb-buttons\"><a class=\"mashicon-facebook mash-large mash-center mashsb-noshadow\" href=\"https:\/\/www.facebook.com\/sharer.php?u=https%3A%2F%2Fwww.zunoticia.com%2Fnoticias-de-hidalgo%2F2024%2F03%2F24%2Fcon-bendicion-de-palmas-comienza-semana-santa-en-orizatlan%2F\" target=\"_top\" rel=\"nofollow\"><span class=\"icon\"><\/span><span class=\"text\">Share<\/span><\/a><a class=\"mashicon-twitter mash-large mash-center mashsb-noshadow\" href=\"https:\/\/twitter.com\/intent\/tweet?text=&amp;url=https:\/\/www.zunoticia.com\/noticias-de-hidalgo\/2024\/03\/24\/con-bendicion-de-palmas-comienza-semana-santa-en-orizatlan\/\" target=\"_top\" rel=\"nofollow\"><span class=\"icon\"><\/span><span class=\"text\">Tweet<\/span><\/a><div class=\"onoffswitch2 mash-large mashsb-noshadow\" style=\"display:none\"><\/div><\/div>\n            <\/div>\n                <div style=\"clear:both\"><\/div><div class=\"mashsb-toggle-container\"><\/div><\/aside>\n            <!-- Share buttons by mashshare.net - Version: 4.0.47-->\n<p><em>Por Gabriela Hern\u00e1ndez\/Zunoticia<\/em><\/p>\n\n\n\n<p><strong>San Felipe Orizatl\u00e1n, Hgo.-<\/strong> Con la bendici\u00f3n de las palmas y la procesi\u00f3n del Domingo de Ramos inici\u00f3 la Semana Santa en el municipio, la iglesia cat\u00f3lica record\u00f3 la entrada triunfal de Jes\u00fas a Jerusal\u00e9n en medio de una multitud que lo aclam\u00f3 como el mes\u00edas.<\/p>\n\n\n\n<p>Las misas lucieron abarrotadas y a las afueras hubo ventas de palmas y dem\u00e1s art\u00edculos religiosos, se inici\u00f3 con la bendici\u00f3n de ramos y la santa eucarist\u00eda en punto de las 7:00 a.m., posteriormente se hizo el recorrido de la procesi\u00f3n desde la colonia La Lomita, en medio de un clima caluroso y ante un grupo de fieles cat\u00f3licos que agitaban las ramas de palma buscando el agua bendita.<\/p>\n\n\n\n<p>&#8220;Hermanos, hermanas despu\u00e9s de habernos preparado desde el principio de la Cuaresma con nuestra penitencia y nuestras obras de caridad, hoy nos reunimos para iniciar unidos con toda la iglesia, la celebraci\u00f3n anual de los misterios y resurrecci\u00f3n de nuestro se\u00f1or&nbsp;Jesucristo.<\/p>\n","protected":false},"excerpt":{"rendered":"<p>Por Gabriela Hern\u00e1ndez\/Zunoticia San Felipe Orizatl\u00e1n, Hgo.- Con la bendici\u00f3n de las palmas y la procesi\u00f3n del Domingo de Ramos inici\u00f3 la Semana Santa en el municipio, la iglesia cat\u00f3lica record\u00f3 la entrada triunfal de Jes\u00fas a Jerusal\u00e9n en medio de una multitud que lo aclam\u00f3 como el mes\u00edas. Las misas lucieron abarrotadas y a&hellip; <a class=\"more-link\" href=\"https:\/\/www.zunoticia.com\/noticias-de-hidalgo\/2024\/03\/24\/con-bendicion-de-palmas-comienza-semana-santa-en-orizatlan\/\">Seguir leyendo <span class=\"screen-reader-text\">Con bendici\u00f3n de palmas comienza Semana Santa en Orizatl\u00e1n<\/span><\/a><\/p>\n","protected":false},"author":12,"featured_media":532720,"comment_status":"open","ping_status":"open","sticky":false,"template":"","format":"standard","meta":{"rop_custom_images_group":[],"rop_custom_messages_group":[],"rop_publish_now":"initial","rop_publish_now_accounts":{"facebook_10159540855086992_322828327761733":""},"rop_publish_now_history":[],"rop_publish_now_status":"pending","footnotes":""},"categories":[180],"tags":[129],"class_list":["post-532778","post","type-post","status-publish","format-standard","has-post-thumbnail","hentry","category-orizatlan","tag-orizatlan","entry"],"_links":{"self":[{"href":"https:\/\/www.zunoticia.com\/noticias-de-hidalgo\/wp-json\/wp\/v2\/posts\/532778","targetHints":{"allow":["GET"]}}],"collection":[{"href":"https:\/\/www.zunoticia.com\/noticias-de-hidalgo\/wp-json\/wp\/v2\/posts"}],"about":[{"href":"https:\/\/www.zunoticia.com\/noticias-de-hidalgo\/wp-json\/wp\/v2\/types\/post"}],"author":[{"embeddable":true,"href":"https:\/\/www.zunoticia.com\/noticias-de-hidalgo\/wp-json\/wp\/v2\/users\/12"}],"replies":[{"embeddable":true,"href":"https:\/\/www.zunoticia.com\/noticias-de-hidalgo\/wp-json\/wp\/v2\/comments?post=532778"}],"version-history":[{"count":1,"href":"https:\/\/www.zunoticia.com\/noticias-de-hidalgo\/wp-json\/wp\/v2\/posts\/532778\/revisions"}],"predecessor-version":[{"id":532783,"href":"https:\/\/www.zunoticia.com\/noticias-de-hidalgo\/wp-json\/wp\/v2\/posts\/532778\/revisions\/532783"}],"wp:featuredmedia":[{"embeddable":true,"href":"https:\/\/www.zunoticia.com\/noticias-de-hidalgo\/wp-json\/wp\/v2\/media\/532720"}],"wp:attachment":[{"href":"https:\/\/www.zunoticia.com\/noticias-de-hidalgo\/wp-json\/wp\/v2\/media?parent=532778"}],"wp:term":[{"taxonomy":"category","embeddable":true,"href":"https:\/\/www.zunoticia.com\/noticias-de-hidalgo\/wp-json\/wp\/v2\/categories?post=532778"},{"taxonomy":"post_tag","embeddable":true,"href":"https:\/\/www.zunoticia.com\/noticias-de-hidalgo\/wp-json\/wp\/v2\/tags?post=532778"}],"curies":[{"name":"wp","href":"https:\/\/api.w.org\/{rel}","templated":true}]}}