{"id":532782,"date":"2024-03-24T21:08:53","date_gmt":"2024-03-25T03:08:53","guid":{"rendered":"https:\/\/www.zunoticia.com\/noticias-de-hidalgo\/?p=532782"},"modified":"2024-03-24T21:08:58","modified_gmt":"2024-03-25T03:08:58","slug":"programacion-pastoral-martes-santo","status":"publish","type":"post","link":"https:\/\/www.zunoticia.com\/noticias-de-hidalgo\/2024\/03\/24\/programacion-pastoral-martes-santo\/","title":{"rendered":"Programaci\u00f3n pastoral: Martes Santo"},"content":{"rendered":"<aside class=\"mashsb-container mashsb-main mashsb-stretched\"><div class=\"mashsb-box\"><div class=\"mashsb-count mash-large\" style=\"float:left\"><div class=\"counts mashsbcount\">15<\/div><span class=\"mashsb-sharetext\">SHARES<\/span><\/div><div class=\"mashsb-buttons\"><a class=\"mashicon-facebook mash-large mash-center mashsb-noshadow\" href=\"https:\/\/www.facebook.com\/sharer.php?u=https%3A%2F%2Fwww.zunoticia.com%2Fnoticias-de-hidalgo%2F2024%2F03%2F24%2Fprogramacion-pastoral-martes-santo%2F\" target=\"_top\" rel=\"nofollow\"><span class=\"icon\"><\/span><span class=\"text\">Share<\/span><\/a><a class=\"mashicon-twitter mash-large mash-center mashsb-noshadow\" href=\"https:\/\/twitter.com\/intent\/tweet?text=&amp;url=https:\/\/www.zunoticia.com\/noticias-de-hidalgo\/2024\/03\/24\/programacion-pastoral-martes-santo\/\" target=\"_top\" rel=\"nofollow\"><span class=\"icon\"><\/span><span class=\"text\">Tweet<\/span><\/a><div class=\"onoffswitch2 mash-large mashsb-noshadow\" style=\"display:none\"><\/div><\/div>\n            <\/div>\n                <div style=\"clear:both\"><\/div><div class=\"mashsb-toggle-container\"><\/div><\/aside>\n            <!-- Share buttons by mashshare.net - Version: 4.0.47-->\n<p><em>Por Gabriela Hern\u00e1ndez\/Zunoticia<\/em><\/p>\n\n\n\n<p><strong>Jaltoc\u00e1n, Hgo.-<\/strong> Este domingo 24 de marzo con la bendici\u00f3n de las palmas y la procesi\u00f3n en los distintos sectores del municipio dio inicio la Semana Santa.<\/p>\n\n\n\n<p>La iglesia cat\u00f3lica y los feligreses contin\u00faan invitando a las actividades religiosas de Semana Santa, este martes hace el llamado a la &#8220;Recepci\u00f3n de \u00f3leos santos y misa crismal&#8221;.<\/p>\n\n\n\n<p>Las actividades dar\u00e1n inicio en punto de las 12:00 p.m. en la catedral de Huejutla con la misa crismal, a las 5:00 p.m. en la escuela Benito Ju\u00e1rez, la recepci\u00f3n de los santos oleos y procesi\u00f3n a la parroquia, para concluir, a las 6:00 p.m. ser\u00e1 la misa en la parroquia con la Unci\u00f3n de enfermos y asamblea&nbsp;de&nbsp;oraci\u00f3n.<\/p>\n","protected":false},"excerpt":{"rendered":"<p>Por Gabriela Hern\u00e1ndez\/Zunoticia Jaltoc\u00e1n, Hgo.- Este domingo 24 de marzo con la bendici\u00f3n de las palmas y la procesi\u00f3n en los distintos sectores del municipio dio inicio la Semana Santa. La iglesia cat\u00f3lica y los feligreses contin\u00faan invitando a las actividades religiosas de Semana Santa, este martes hace el llamado a la &#8220;Recepci\u00f3n de \u00f3leos&hellip; <a class=\"more-link\" href=\"https:\/\/www.zunoticia.com\/noticias-de-hidalgo\/2024\/03\/24\/programacion-pastoral-martes-santo\/\">Seguir leyendo <span class=\"screen-reader-text\">Programaci\u00f3n pastoral: Martes Santo<\/span><\/a><\/p>\n","protected":false},"author":12,"featured_media":532734,"comment_status":"open","ping_status":"open","sticky":false,"template":"","format":"standard","meta":{"rop_custom_images_group":[],"rop_custom_messages_group":[],"rop_publish_now":"initial","rop_publish_now_accounts":{"facebook_10159540855086992_322828327761733":""},"rop_publish_now_history":[],"rop_publish_now_status":"pending","footnotes":""},"categories":[179,200],"tags":[131],"class_list":["post-532782","post","type-post","status-publish","format-standard","has-post-thumbnail","hentry","category-huasteca","category-jaltocan","tag-jaltocan","entry"],"_links":{"self":[{"href":"https:\/\/www.zunoticia.com\/noticias-de-hidalgo\/wp-json\/wp\/v2\/posts\/532782","targetHints":{"allow":["GET"]}}],"collection":[{"href":"https:\/\/www.zunoticia.com\/noticias-de-hidalgo\/wp-json\/wp\/v2\/posts"}],"about":[{"href":"https:\/\/www.zunoticia.com\/noticias-de-hidalgo\/wp-json\/wp\/v2\/types\/post"}],"author":[{"embeddable":true,"href":"https:\/\/www.zunoticia.com\/noticias-de-hidalgo\/wp-json\/wp\/v2\/users\/12"}],"replies":[{"embeddable":true,"href":"https:\/\/www.zunoticia.com\/noticias-de-hidalgo\/wp-json\/wp\/v2\/comments?post=532782"}],"version-history":[{"count":1,"href":"https:\/\/www.zunoticia.com\/noticias-de-hidalgo\/wp-json\/wp\/v2\/posts\/532782\/revisions"}],"predecessor-version":[{"id":532785,"href":"https:\/\/www.zunoticia.com\/noticias-de-hidalgo\/wp-json\/wp\/v2\/posts\/532782\/revisions\/532785"}],"wp:featuredmedia":[{"embeddable":true,"href":"https:\/\/www.zunoticia.com\/noticias-de-hidalgo\/wp-json\/wp\/v2\/media\/532734"}],"wp:attachment":[{"href":"https:\/\/www.zunoticia.com\/noticias-de-hidalgo\/wp-json\/wp\/v2\/media?parent=532782"}],"wp:term":[{"taxonomy":"category","embeddable":true,"href":"https:\/\/www.zunoticia.com\/noticias-de-hidalgo\/wp-json\/wp\/v2\/categories?post=532782"},{"taxonomy":"post_tag","embeddable":true,"href":"https:\/\/www.zunoticia.com\/noticias-de-hidalgo\/wp-json\/wp\/v2\/tags?post=532782"}],"curies":[{"name":"wp","href":"https:\/\/api.w.org\/{rel}","templated":true}]}}