{"id":532830,"date":"2024-03-25T16:28:13","date_gmt":"2024-03-25T22:28:13","guid":{"rendered":"https:\/\/www.zunoticia.com\/noticias-de-hidalgo\/?p=532830"},"modified":"2024-03-25T16:28:16","modified_gmt":"2024-03-25T22:28:16","slug":"pide-director-de-primaria-del-centro-mayor-vigilancia","status":"publish","type":"post","link":"https:\/\/www.zunoticia.com\/noticias-de-hidalgo\/2024\/03\/25\/pide-director-de-primaria-del-centro-mayor-vigilancia\/","title":{"rendered":"Pide director de Primaria del Centro mayor vigilancia"},"content":{"rendered":"<aside class=\"mashsb-container mashsb-main mashsb-stretched\"><div class=\"mashsb-box\"><div class=\"mashsb-count mash-large\" style=\"float:left\"><div class=\"counts mashsbcount\">11<\/div><span class=\"mashsb-sharetext\">SHARES<\/span><\/div><div class=\"mashsb-buttons\"><a class=\"mashicon-facebook mash-large mash-center mashsb-noshadow\" href=\"https:\/\/www.facebook.com\/sharer.php?u=https%3A%2F%2Fwww.zunoticia.com%2Fnoticias-de-hidalgo%2F2024%2F03%2F25%2Fpide-director-de-primaria-del-centro-mayor-vigilancia%2F\" target=\"_top\" rel=\"nofollow\"><span class=\"icon\"><\/span><span class=\"text\">Share<\/span><\/a><a class=\"mashicon-twitter mash-large mash-center mashsb-noshadow\" href=\"https:\/\/twitter.com\/intent\/tweet?text=&amp;url=https:\/\/www.zunoticia.com\/noticias-de-hidalgo\/2024\/03\/25\/pide-director-de-primaria-del-centro-mayor-vigilancia\/\" target=\"_top\" rel=\"nofollow\"><span class=\"icon\"><\/span><span class=\"text\">Tweet<\/span><\/a><div class=\"onoffswitch2 mash-large mashsb-noshadow\" style=\"display:none\"><\/div><\/div>\n            <\/div>\n                <div style=\"clear:both\"><\/div><div class=\"mashsb-toggle-container\"><\/div><\/aside>\n            <!-- Share buttons by mashshare.net - Version: 4.0.47-->\n<ul class=\"wp-block-list\">\n<li>Un se\u00f1or ha da\u00f1ado las ventanas de la escuela<\/li>\n<\/ul>\n\n\n\n<p><em>Por Enedino Hern\u00e1ndez\/Zunoticia<\/em><\/p>\n\n\n\n<p><strong>Huejutla, Hgo<\/strong>.- El director de la Escuela Primaria \u201cBenito Ju\u00e1rez\u201d del Centro de Huejutla, Miguel Cruz Reyes, pide a las autoridades municipales y de seguridad p\u00fablica que redoblen la vigilancia en el sector, en donde se ubica la instituci\u00f3n, ya que en d\u00edas pasados una persona arroj\u00f3 piedras a las ventanas de la escuela y fueron da\u00f1adas seriamente.<\/p>\n\n\n\n<p>Dijo que, estos hechos ya tienen casi tres semanas, \u201cun se\u00f1or que se duerme al lado del reloj utiliz\u00f3 dos piedras para da\u00f1ar los vidrios de las ventanas, situaci\u00f3n que en su momento fue notificada a la Presidencia para retirar a este se\u00f1or, quien duerme cerca del reloj, pero afecta a la instituci\u00f3n tirando piedras y ha roto varios vidrios de la ventana\u201d.<\/p>\n\n\n\n<p>Insisti\u00f3 en su llamado a las autoridades para que redoblen la vigilancia en este sector, adem\u00e1s se le pide a Seguridad P\u00fablica que retire a esta persona que llega a dormir cerca del reloj monumental.<\/p>\n\n\n\n<p>Miguel Cruz Reyes, concluy\u00f3 que, esperan tambi\u00e9n contar con el apoyo de las autoridades municipales para reponer los vidrios de las ventanas \u201cnosotros no contamos con muchos recursos para reparar estos da\u00f1os, ya hemos dejado dos solicitudes para que nos apoyen y retiren a este se\u00f1or, que solo afecta a la instituci\u00f3n educativa\u201d.<\/p>\n\n\n\n<figure class=\"wp-block-gallery has-nested-images columns-default is-cropped wp-block-gallery-1 is-layout-flex wp-block-gallery-is-layout-flex\">\n<figure class=\"wp-block-image size-large\"><img fetchpriority=\"high\" decoding=\"async\" width=\"933\" height=\"524\" data-id=\"532832\" src=\"https:\/\/www.zunoticia.com\/noticias-de-hidalgo\/wp-content\/uploads\/2024\/03\/Zunoticia-Huejutla-2-59.png\" alt=\"\" class=\"wp-image-532832\"\/><\/figure>\n\n\n\n<figure class=\"wp-block-image size-large\"><img decoding=\"async\" width=\"933\" height=\"524\" data-id=\"532833\" src=\"https:\/\/www.zunoticia.com\/noticias-de-hidalgo\/wp-content\/uploads\/2024\/03\/Zunoticia-Huejutla-1-190.png\" alt=\"\" class=\"wp-image-532833\"\/><\/figure>\n<\/figure>\n","protected":false},"excerpt":{"rendered":"<p>Por Enedino Hern\u00e1ndez\/Zunoticia Huejutla, Hgo.- El director de la Escuela Primaria \u201cBenito Ju\u00e1rez\u201d del Centro de Huejutla, Miguel Cruz Reyes, pide a las autoridades municipales y de seguridad p\u00fablica que redoblen la vigilancia en el sector, en donde se ubica la instituci\u00f3n, ya que en d\u00edas pasados una persona arroj\u00f3 piedras a las ventanas de&hellip; <a class=\"more-link\" href=\"https:\/\/www.zunoticia.com\/noticias-de-hidalgo\/2024\/03\/25\/pide-director-de-primaria-del-centro-mayor-vigilancia\/\">Seguir leyendo <span class=\"screen-reader-text\">Pide director de Primaria del Centro mayor vigilancia<\/span><\/a><\/p>\n","protected":false},"author":20,"featured_media":532831,"comment_status":"open","ping_status":"open","sticky":false,"template":"","format":"standard","meta":{"rop_custom_images_group":[],"rop_custom_messages_group":[],"rop_publish_now":"initial","rop_publish_now_accounts":{"facebook_10159540855086992_322828327761733":""},"rop_publish_now_history":[],"rop_publish_now_status":"pending","footnotes":""},"categories":[181],"tags":[121],"class_list":["post-532830","post","type-post","status-publish","format-standard","has-post-thumbnail","hentry","category-huejutla","tag-huejutla","entry"],"_links":{"self":[{"href":"https:\/\/www.zunoticia.com\/noticias-de-hidalgo\/wp-json\/wp\/v2\/posts\/532830","targetHints":{"allow":["GET"]}}],"collection":[{"href":"https:\/\/www.zunoticia.com\/noticias-de-hidalgo\/wp-json\/wp\/v2\/posts"}],"about":[{"href":"https:\/\/www.zunoticia.com\/noticias-de-hidalgo\/wp-json\/wp\/v2\/types\/post"}],"author":[{"embeddable":true,"href":"https:\/\/www.zunoticia.com\/noticias-de-hidalgo\/wp-json\/wp\/v2\/users\/20"}],"replies":[{"embeddable":true,"href":"https:\/\/www.zunoticia.com\/noticias-de-hidalgo\/wp-json\/wp\/v2\/comments?post=532830"}],"version-history":[{"count":1,"href":"https:\/\/www.zunoticia.com\/noticias-de-hidalgo\/wp-json\/wp\/v2\/posts\/532830\/revisions"}],"predecessor-version":[{"id":532834,"href":"https:\/\/www.zunoticia.com\/noticias-de-hidalgo\/wp-json\/wp\/v2\/posts\/532830\/revisions\/532834"}],"wp:featuredmedia":[{"embeddable":true,"href":"https:\/\/www.zunoticia.com\/noticias-de-hidalgo\/wp-json\/wp\/v2\/media\/532831"}],"wp:attachment":[{"href":"https:\/\/www.zunoticia.com\/noticias-de-hidalgo\/wp-json\/wp\/v2\/media?parent=532830"}],"wp:term":[{"taxonomy":"category","embeddable":true,"href":"https:\/\/www.zunoticia.com\/noticias-de-hidalgo\/wp-json\/wp\/v2\/categories?post=532830"},{"taxonomy":"post_tag","embeddable":true,"href":"https:\/\/www.zunoticia.com\/noticias-de-hidalgo\/wp-json\/wp\/v2\/tags?post=532830"}],"curies":[{"name":"wp","href":"https:\/\/api.w.org\/{rel}","templated":true}]}}