{"id":532835,"date":"2024-03-25T16:35:22","date_gmt":"2024-03-25T22:35:22","guid":{"rendered":"https:\/\/www.zunoticia.com\/noticias-de-hidalgo\/?p=532835"},"modified":"2024-03-25T16:35:25","modified_gmt":"2024-03-25T22:35:25","slug":"comienza-el-arribo-de-visitantes-al-municipio","status":"publish","type":"post","link":"https:\/\/www.zunoticia.com\/noticias-de-hidalgo\/2024\/03\/25\/comienza-el-arribo-de-visitantes-al-municipio\/","title":{"rendered":"Comienza el arribo de visitantes al municipio"},"content":{"rendered":"<aside class=\"mashsb-container mashsb-main mashsb-stretched\"><div class=\"mashsb-box\"><div class=\"mashsb-count mash-large\" style=\"float:left\"><div class=\"counts mashsbcount\">30<\/div><span class=\"mashsb-sharetext\">SHARES<\/span><\/div><div class=\"mashsb-buttons\"><a class=\"mashicon-facebook mash-large mash-center mashsb-noshadow\" href=\"https:\/\/www.facebook.com\/sharer.php?u=https%3A%2F%2Fwww.zunoticia.com%2Fnoticias-de-hidalgo%2F2024%2F03%2F25%2Fcomienza-el-arribo-de-visitantes-al-municipio%2F\" target=\"_top\" rel=\"nofollow\"><span class=\"icon\"><\/span><span class=\"text\">Share<\/span><\/a><a class=\"mashicon-twitter mash-large mash-center mashsb-noshadow\" href=\"https:\/\/twitter.com\/intent\/tweet?text=&amp;url=https:\/\/www.zunoticia.com\/noticias-de-hidalgo\/2024\/03\/25\/comienza-el-arribo-de-visitantes-al-municipio\/\" target=\"_top\" rel=\"nofollow\"><span class=\"icon\"><\/span><span class=\"text\">Tweet<\/span><\/a><div class=\"onoffswitch2 mash-large mashsb-noshadow\" style=\"display:none\"><\/div><\/div>\n            <\/div>\n                <div style=\"clear:both\"><\/div><div class=\"mashsb-toggle-container\"><\/div><\/aside>\n            <!-- Share buttons by mashshare.net - Version: 4.0.47-->\n<p><em>Por Gabriela Hern\u00e1ndez \/ Zunoticia<\/em><\/p>\n\n\n\n<p><strong>San Felipe Orizatl\u00e1n, Hgo.-<\/strong> Tras iniciar el periodo vacacional, desde este viernes 22 de marzo han comenzado a llegar grupos de familias procedentes de otros lugares.<\/p>\n\n\n\n<p>Desde este viernes, oficialmente comenz\u00f3 el periodo de descanso, por lo que la llegada de turistas se ha visto reflejada con gran afluencia en los diferentes puntos del municipio.<\/p>\n\n\n\n<p>La zona centro es una de las zonas m\u00e1s concurridas por la ma\u00f1ana y la noche, a d\u00edas de iniciar el periodo vacacional se ha visto gran n\u00famero de visitantes y se espera que en pr\u00f3ximos d\u00edas se incremente a\u00fan m\u00e1s.<\/p>\n\n\n\n<p>Gracias al incremento de los visitantes, comerciantes locales mencionan que, ya han subido sus ventas, por lo que ser\u00e1n un beneficio para ellos estos d\u00edas de vacaciones.<\/p>\n\n\n\n<figure class=\"wp-block-gallery has-nested-images columns-default is-cropped wp-block-gallery-1 is-layout-flex wp-block-gallery-is-layout-flex\">\n<figure class=\"wp-block-image size-large\"><img fetchpriority=\"high\" decoding=\"async\" width=\"933\" height=\"524\" data-id=\"532838\" src=\"https:\/\/www.zunoticia.com\/noticias-de-hidalgo\/wp-content\/uploads\/2024\/03\/Zunoticia-Huejutla-2-60.png\" alt=\"\" class=\"wp-image-532838\"\/><\/figure>\n\n\n\n<figure class=\"wp-block-image size-large\"><img decoding=\"async\" width=\"933\" height=\"524\" data-id=\"532837\" src=\"https:\/\/www.zunoticia.com\/noticias-de-hidalgo\/wp-content\/uploads\/2024\/03\/Zunoticia-Huejutla-348.png\" alt=\"\" class=\"wp-image-532837\"\/><\/figure>\n<\/figure>\n","protected":false},"excerpt":{"rendered":"<p>Por Gabriela Hern\u00e1ndez \/ Zunoticia San Felipe Orizatl\u00e1n, Hgo.- Tras iniciar el periodo vacacional, desde este viernes 22 de marzo han comenzado a llegar grupos de familias procedentes de otros lugares. Desde este viernes, oficialmente comenz\u00f3 el periodo de descanso, por lo que la llegada de turistas se ha visto reflejada con gran afluencia en&hellip; <a class=\"more-link\" href=\"https:\/\/www.zunoticia.com\/noticias-de-hidalgo\/2024\/03\/25\/comienza-el-arribo-de-visitantes-al-municipio\/\">Seguir leyendo <span class=\"screen-reader-text\">Comienza el arribo de visitantes al municipio<\/span><\/a><\/p>\n","protected":false},"author":20,"featured_media":532836,"comment_status":"open","ping_status":"open","sticky":false,"template":"","format":"standard","meta":{"rop_custom_images_group":[],"rop_custom_messages_group":[],"rop_publish_now":"initial","rop_publish_now_accounts":{"facebook_10159540855086992_322828327761733":""},"rop_publish_now_history":[],"rop_publish_now_status":"pending","footnotes":""},"categories":[179,180],"tags":[229,129],"class_list":["post-532835","post","type-post","status-publish","format-standard","has-post-thumbnail","hentry","category-huasteca","category-orizatlan","tag-huasteca","tag-orizatlan","entry"],"_links":{"self":[{"href":"https:\/\/www.zunoticia.com\/noticias-de-hidalgo\/wp-json\/wp\/v2\/posts\/532835","targetHints":{"allow":["GET"]}}],"collection":[{"href":"https:\/\/www.zunoticia.com\/noticias-de-hidalgo\/wp-json\/wp\/v2\/posts"}],"about":[{"href":"https:\/\/www.zunoticia.com\/noticias-de-hidalgo\/wp-json\/wp\/v2\/types\/post"}],"author":[{"embeddable":true,"href":"https:\/\/www.zunoticia.com\/noticias-de-hidalgo\/wp-json\/wp\/v2\/users\/20"}],"replies":[{"embeddable":true,"href":"https:\/\/www.zunoticia.com\/noticias-de-hidalgo\/wp-json\/wp\/v2\/comments?post=532835"}],"version-history":[{"count":1,"href":"https:\/\/www.zunoticia.com\/noticias-de-hidalgo\/wp-json\/wp\/v2\/posts\/532835\/revisions"}],"predecessor-version":[{"id":532839,"href":"https:\/\/www.zunoticia.com\/noticias-de-hidalgo\/wp-json\/wp\/v2\/posts\/532835\/revisions\/532839"}],"wp:featuredmedia":[{"embeddable":true,"href":"https:\/\/www.zunoticia.com\/noticias-de-hidalgo\/wp-json\/wp\/v2\/media\/532836"}],"wp:attachment":[{"href":"https:\/\/www.zunoticia.com\/noticias-de-hidalgo\/wp-json\/wp\/v2\/media?parent=532835"}],"wp:term":[{"taxonomy":"category","embeddable":true,"href":"https:\/\/www.zunoticia.com\/noticias-de-hidalgo\/wp-json\/wp\/v2\/categories?post=532835"},{"taxonomy":"post_tag","embeddable":true,"href":"https:\/\/www.zunoticia.com\/noticias-de-hidalgo\/wp-json\/wp\/v2\/tags?post=532835"}],"curies":[{"name":"wp","href":"https:\/\/api.w.org\/{rel}","templated":true}]}}